{"id":134834,"date":"2019-03-12T07:52:59","date_gmt":"2019-03-12T06:52:59","guid":{"rendered":"https:\/\/www.ifun.de\/?p=134834"},"modified":"2019-03-12T07:54:55","modified_gmt":"2019-03-12T06:54:55","slug":"trump-tim-apple-kein-versprecher-sondern-bewusst-gewaehlt","status":"publish","type":"post","link":"https:\/\/www.ifun.de\/trump-tim-apple-kein-versprecher-sondern-bewusst-gewaehlt-134834\/","title":{"rendered":"Trump: &#8222;Tim Apple&#8220; kein Versprecher, sondern bewusst gew\u00e4hlt"},"content":{"rendered":"<p>Eigentlich h\u00e4tte der <a href=\"https:\/\/twitter.com\/sokane1\/status\/1103421841505505280\">hastige Versprecher<\/a> des US-Pr\u00e4sidenten Donald Trump das Zeug zu einer v\u00f6llig unkontroversen Anekdote gehabt. <\/p>\n<blockquote class=\"twitter-tweet\" data-lang=\"en\">\n<p lang=\"en\" dir=\"ltr\">Trump just called Apple CEO Tim Cook \u201cTim Apple\u201d <a href=\"https:\/\/t.co\/gTHHtjWvc9\">pic.twitter.com\/gTHHtjWvc9<\/a><\/p>\n<p>&mdash; Sean O&#39;Kane (@sokane1) <a href=\"https:\/\/twitter.com\/sokane1\/status\/1103421841505505280?ref_src=twsrc%5Etfw\">March 6, 2019<\/a><\/p><\/blockquote>\n<p> <script async src=\"https:\/\/platform.twitter.com\/widgets.js\" charset=\"utf-8\"><\/script> <\/p>\n<p>Vor allem mit Blick auf die <a href=\"https:\/\/www.ifun.de\/nach-trump-ausrutscher-tim-cook-nennt-sich-jetzt-tim-apple-134699\/\">augenzwinkernde Reaktion<\/a> des Apple-Chefs, den Trump in der vergangenen Woche Tim Apple statt Tim Cook nannte, sorgte der sprachliche Ausrutscher f\u00fcr l\u00e4chelnde Gesichter auf beiden Seite des politischen Spektrums &#8211; zudem geriet der unschuldige faux pas in den zur\u00fcckliegenden Tagen schon wieder in Vergessenheit. <\/p>\n<p>Doch Trump <a href=\"https:\/\/twitter.com\/realdonaldtrump\/status\/1105109329290686464\">musste nachlegen<\/a>. <\/p>\n<p>So informiert der US-Pr\u00e4sident auf seinem offiziellem Twitter-Account nun dar\u00fcber, dass seine Neutaufe des Apple-Chefs kein Versehen, sondern die bewusst gew\u00e4hlte Kombination aus Firma und Vorstand war, um &#8222;so Zeit und Worte zu sparen&#8220;. <\/p>\n<p>Ein Geniestreich, den die &#8222;Fake News-Presse&#8220; nicht verstanden und sich deshalb erneut dazu herabgelassen h\u00e4tte, eine absch\u00e4tzige Trump-Geschichte daraus zu stricken&#8230;<\/p>\n<blockquote class=\"twitter-tweet\" data-lang=\"de\">\n<p lang=\"en\" dir=\"ltr\">At a recent round table meeting of business executives, &amp; long after formally introducing Tim Cook of Apple, I quickly referred to Tim + Apple as Tim\/Apple as an easy way to save time &amp; words. The Fake News was disparagingly all over this, &amp; it became yet another bad Trump story!<\/p>\n<p>&mdash; Donald J. Trump (@realDonaldTrump) <a href=\"https:\/\/twitter.com\/realDonaldTrump\/status\/1105109329290686464?ref_src=twsrc%5Etfw\">11. M\u00e4rz 2019<\/a><\/p><\/blockquote>\n<p><script async src=\"https:\/\/platform.twitter.com\/widgets.js\" charset=\"utf-8\"><\/script><\/p>\n<p>Am besten ihr <a href=\"https:\/\/twitter.com\/bjcreigh\/status\/1105148183532003328\">urteilt selbst<\/a>. <\/p>\n","protected":false},"excerpt":{"rendered":"<p>Eigentlich h\u00e4tte der hastige Versprecher des US-Pr\u00e4sidenten Donald Trump das Zeug zu einer v\u00f6llig unkontroversen Anekdote gehabt. Trump just called Apple CEO Tim Cook \u201cTim Apple\u201d pic.twitter.com\/gTHHtjWvc9 &mdash; Sean O&#39;Kane (@sokane1) March 6, 2019 Vor allem mit Blick auf die augenzwinkernde Reaktion des Apple-Chefs, den Trump in der vergangenen Woche Tim Apple statt Tim Cook [&hellip;]<\/p>\n","protected":false},"author":1,"featured_media":0,"comment_status":"open","ping_status":"closed","sticky":false,"template":"","format":"standard","meta":{"_acf_changed":false,"footnotes":""},"categories":[3],"tags":[555,4736,614,3504],"class_list":["post-134834","post","type-post","status-publish","format-standard","hentry","category-apple","tag-amerika","tag-apple","tag-tim-cook","tag-trump"],"acf":[],"aioseo_notices":[],"featured_image":["https:\/\/images.ifun.de\/wp-content\/uploads\/2016\/11\/trump-f.jpg"],"subheadline":["\"um Zeit und Worte zu sparen\""],"rest_api_enabler":{"featured_image":"https:\/\/images.ifun.de\/wp-content\/uploads\/2016\/11\/trump-f.jpg","subheadline":"\"um Zeit und Worte zu sparen\""},"_links":{"self":[{"href":"https:\/\/www.ifun.de\/apiv2\/wp\/v2\/posts\/134834","targetHints":{"allow":["GET"]}}],"collection":[{"href":"https:\/\/www.ifun.de\/apiv2\/wp\/v2\/posts"}],"about":[{"href":"https:\/\/www.ifun.de\/apiv2\/wp\/v2\/types\/post"}],"author":[{"embeddable":true,"href":"https:\/\/www.ifun.de\/apiv2\/wp\/v2\/users\/1"}],"replies":[{"embeddable":true,"href":"https:\/\/www.ifun.de\/apiv2\/wp\/v2\/comments?post=134834"}],"version-history":[{"count":2,"href":"https:\/\/www.ifun.de\/apiv2\/wp\/v2\/posts\/134834\/revisions"}],"predecessor-version":[{"id":134836,"href":"https:\/\/www.ifun.de\/apiv2\/wp\/v2\/posts\/134834\/revisions\/134836"}],"wp:attachment":[{"href":"https:\/\/www.ifun.de\/apiv2\/wp\/v2\/media?parent=134834"}],"wp:term":[{"taxonomy":"category","embeddable":true,"href":"https:\/\/www.ifun.de\/apiv2\/wp\/v2\/categories?post=134834"},{"taxonomy":"post_tag","embeddable":true,"href":"https:\/\/www.ifun.de\/apiv2\/wp\/v2\/tags?post=134834"}],"curies":[{"name":"wp","href":"https:\/\/api.w.org\/{rel}","templated":true}]}}