{"id":134817,"date":"2019-03-11T20:26:19","date_gmt":"2019-03-11T19:26:19","guid":{"rendered":"https:\/\/www.ifun.de\/?p=134817"},"modified":"2019-03-12T07:54:13","modified_gmt":"2019-03-12T06:54:13","slug":"its-show-time-apple-event-startet-am-25-maerz","status":"publish","type":"post","link":"https:\/\/www.ifun.de\/its-show-time-apple-event-startet-am-25-maerz-134817\/","title":{"rendered":"&#8222;It&#8217;s show time&#8220;: Apple-Event startet am 25. M\u00e4rz"},"content":{"rendered":"<p>Wie erwartet hat Apple heute die Einladungen f\u00fcr das bevorstehende Medien-Event an amerikanische Medienvertreter verschickt und den Termin auf der hauseigenen Event-Webseite <a href=\"https:\/\/www.apple.com\/apple-events\/\">ver\u00f6ffentlicht<\/a>. Am \u00fcbern\u00e4chsten Montag um 10:00 Uhr Ortszeit ist es soweit.<\/p>\n<blockquote class=\"twitter-tweet\" data-lang=\"en\">\n<p lang=\"en\" dir=\"ltr\">Please join us for an Apple special event<br \/>at the Steve Jobs Theater in Cupertino.<\/p>\n<p>March 25, 2019 <br \/>10:00 a.m.<\/p>\n<p>The email played a short film reel countdown animation on opening. <a href=\"https:\/\/t.co\/a2COFjMIpA\">pic.twitter.com\/a2COFjMIpA<\/a><\/p>\n<p>&mdash; Matthew Panzarino (@panzer) <a href=\"https:\/\/twitter.com\/panzer\/status\/1105186663158800384?ref_src=twsrc%5Etfw\">March 11, 2019<\/a><\/p><\/blockquote>\n<p><script async src=\"https:\/\/platform.twitter.com\/widgets.js\" charset=\"utf-8\"><\/script><\/p>\n<p>Die Veranstaltung, in deren Verlauf Apple sein neues Service-Angebot pr\u00e4sentieren und dann erstmals auch sein <a href=\"https:\/\/www.iphone-ticker.de\/apple-prime-startet-das-apfel-abo-schon-im-april-136776\/\">Entertainment-Abo<\/a> einf\u00fchren d\u00fcrfte, findet in genau zwei Wochen, am 25. M\u00e4rz in Cupertino statt.<\/p>\n<p>Bei den Einladungen an die Pressevertreter hat sich Cupertinos PR-Abteilung diesmal nicht wirklich M\u00fche gegeben. Verglichen mit den zahlreichen <a href=\"https:\/\/www.ifun.de\/bildschirmschoner-brooklyn-ueber-60-animationen-jetzt-frei-waehlbar-134799\/\">Apfel-Animationen<\/a>, die das letzte Herbst-Event einl\u00e4uteten, ist die vollschwarze, mit dem Titel \u00abIt&#8217;s show time.\u00bb \u00fcberschriebene Einladung fast schon \u00fcberzogen schlicht. <\/p>\n<p>Immerhin: Die E-Mail an die Medienvertreter wurde von einer kurzen <a href=\"https:\/\/de.wikipedia.org\/wiki\/Startband\">Startband<\/a>-Animation <a href=\"https:\/\/twitter.com\/panzer\/status\/1105187595246395397\">begleitet<\/a>. <\/p>\n<p><a href=\"https:\/\/images.ifun.de\/wp-content\/uploads\/2019\/03\/showtime.gif\"><img loading=\"lazy\" decoding=\"async\" src=\"https:\/\/images.ifun.de\/wp-content\/uploads\/2019\/03\/showtime.gif\" alt=\"Showtime\" width=\"700\" height=\"478\" class=\"aligncenter size-full wp-image-134825\" \/><\/a><\/p>\n","protected":false},"excerpt":{"rendered":"<a href=\"https:\/\/www.ifun.de\/its-show-time-apple-event-startet-am-25-maerz-134817\/\"><img width=\"150\" height=\"150\" src=\"https:\/\/images.ifun.de\/wp-content\/uploads\/2019\/03\/show-time-150x150.jpg\" class=\"alignright tfe wp-post-image\" alt=\"Show Time\" decoding=\"async\" loading=\"lazy\" \/><\/a><p>Wie erwartet hat Apple heute die Einladungen f\u00fcr das bevorstehende Medien-Event an amerikanische Medienvertreter verschickt und den Termin auf der hauseigenen Event-Webseite ver\u00f6ffentlicht. Am \u00fcbern\u00e4chsten Montag um 10:00 Uhr Ortszeit ist es soweit. Please join us for an Apple special eventat the Steve Jobs Theater in Cupertino. March 25, 2019 10:00 a.m. The email played [&hellip;]<\/p>\n","protected":false},"author":1,"featured_media":134819,"comment_status":"open","ping_status":"closed","sticky":false,"template":"","format":"standard","meta":{"_acf_changed":false,"footnotes":""},"categories":[1,1783],"tags":[4414,4736,2903,288],"class_list":["post-134817","post","type-post","status-publish","format-standard","has-post-thumbnail","hentry","category-news","category-feature","tag-apfel-abo","tag-apple","tag-apple-news","tag-event"],"acf":[],"aioseo_notices":[],"featured_image":["https:\/\/images.ifun.de\/wp-content\/uploads\/2019\/03\/its-showtime.jpg"],"subheadline":["Apples Video-Service kommt"],"rest_api_enabler":{"featured_image":"https:\/\/images.ifun.de\/wp-content\/uploads\/2019\/03\/its-showtime.jpg","subheadline":"Apples Video-Service kommt"},"_links":{"self":[{"href":"https:\/\/www.ifun.de\/apiv2\/wp\/v2\/posts\/134817","targetHints":{"allow":["GET"]}}],"collection":[{"href":"https:\/\/www.ifun.de\/apiv2\/wp\/v2\/posts"}],"about":[{"href":"https:\/\/www.ifun.de\/apiv2\/wp\/v2\/types\/post"}],"author":[{"embeddable":true,"href":"https:\/\/www.ifun.de\/apiv2\/wp\/v2\/users\/1"}],"replies":[{"embeddable":true,"href":"https:\/\/www.ifun.de\/apiv2\/wp\/v2\/comments?post=134817"}],"version-history":[{"count":13,"href":"https:\/\/www.ifun.de\/apiv2\/wp\/v2\/posts\/134817\/revisions"}],"predecessor-version":[{"id":134833,"href":"https:\/\/www.ifun.de\/apiv2\/wp\/v2\/posts\/134817\/revisions\/134833"}],"wp:featuredmedia":[{"embeddable":true,"href":"https:\/\/www.ifun.de\/apiv2\/wp\/v2\/media\/134819"}],"wp:attachment":[{"href":"https:\/\/www.ifun.de\/apiv2\/wp\/v2\/media?parent=134817"}],"wp:term":[{"taxonomy":"category","embeddable":true,"href":"https:\/\/www.ifun.de\/apiv2\/wp\/v2\/categories?post=134817"},{"taxonomy":"post_tag","embeddable":true,"href":"https:\/\/www.ifun.de\/apiv2\/wp\/v2\/tags?post=134817"}],"curies":[{"name":"wp","href":"https:\/\/api.w.org\/{rel}","templated":true}]}}