{"id":134630,"date":"2019-03-07T13:01:07","date_gmt":"2019-03-07T12:01:07","guid":{"rendered":"https:\/\/www.ifun.de\/?p=134630"},"modified":"2019-03-07T13:01:07","modified_gmt":"2019-03-07T12:01:07","slug":"mark-zuckerbergs-vision-von-sozialen-netzwerken","status":"publish","type":"post","link":"https:\/\/www.ifun.de\/mark-zuckerbergs-vision-von-sozialen-netzwerken-134630\/","title":{"rendered":"Mark Zuckerbergs &#8222;Vision&#8220; von sozialen Netzwerken"},"content":{"rendered":"<p>Mark Zuckerberg w\u00e4re wohl auch in der Politik gut aufgehoben. Der Facebook-Chef scheint hervorragend von der Realit\u00e4t abgeschirmt, und pr\u00e4sentiert sich selbstbewusst als Speerspitze der Datensch\u00fctzer. In einem Aufsatz mit dem Titel \u201e<a href=\"https:\/\/www.facebook.com\/notes\/mark-zuckerberg\/a-privacy-focused-vision-for-social-networking\/10156700570096634\/\"> A Privacy-Focused Vision for Social Networking <\/a>\u201c pr\u00e4sentiert Zuckerberg eine \u201eVision\u201c, deren Kernelemente Nutzer und Datensch\u00fctzer l\u00e4ngst von ihm fordern.<\/p>\n<p><a href=\"https:\/\/images.ifun.de\/wp-content\/uploads\/2019\/03\/facebook-datenschutz.jpg\"><img loading=\"lazy\" decoding=\"async\" src=\"https:\/\/images.ifun.de\/wp-content\/uploads\/2019\/03\/facebook-datenschutz.jpg\" alt=\"Facebook Datenschutz\" width=\"500\" height=\"343\" class=\"alignnone size-full wp-image-134635\" \/><\/a><\/p>\n<p>Es klingt wie schlechte Satire, wenn Zuckerberg dar\u00fcber sinniert, dass das Thema Datenschutz in Zukunft noch mehr Relevanz haben werde als bislang schon. Auch spielt der Facebook-Chef ein wenig mit falschen Karten, wenn er die f\u00fcr Facebook und Instagram geplanten Datenschutzma\u00dfnahmen als Fortsetzung dessen bezeichnet, was er und sein Team bereits mit WhatsApp geschaffen h\u00e4tten. Die vergleichsweise strikten Datenschutzvorkehrungen im Zusammenhang mit dem Messenger haben wir zu gro\u00dfen Teilen noch dessen Gr\u00fcnder zu verdanken, dem mittlerweile nicht mehr an der Entwicklung beteiligten <a href=\"https:\/\/www.facebook.com\/jan.koum\/posts\/10156227307390011\">Jan Koum<\/a>.<\/p>\n<p>In seinem ausladenden Statement zur Zukunft seines sozialen Netzwerks nennt Zuckerberg die folgenden Kernthesen. An Glaubw\u00fcrdigkeit haben derartige Aussagen mit Blick auf all die Facebook betreffenden Ereignisse der letzten Monate jedoch stark eingeb\u00fc\u00dft.<\/p>\n<ul>\n<li><strong>Private Interaktionen<\/strong>. Die Menschen sollten \u00fcber einfache, private Orte verf\u00fcgen, an denen sie eine klare Kontrolle haben, wer mit ihnen kommunizieren kann, und darauf vertrauen k\u00f6nnen, dass niemand anderes auf das zugreifen kann, was sie gemeinsam nutzen.<\/li>\n<li><strong>Verschl\u00fcsselung.<\/strong> Die private Kommunikation der Menschen sollte sicher sein. Die Ende-zu-Ende-Verschl\u00fcsselung verhindert, dass jeder &#8211; auch wir &#8211; sehen kann, was Menschen \u00fcber unsere Dienste teilen.<\/li>\n<li><strong>Dauerhaftigkeit reduzieren.<\/strong> Die Menschen sollten sich wohl dabei f\u00fchlen, sich selbst zu sein, und sollten sich keine Sorgen dar\u00fcber machen m\u00fcssen, das was sie heute teilen, sie sie sp\u00e4ter verletzen k\u00f6nnte. Daher werden Nachrichten oder Storys nicht l\u00e4nger als n\u00f6tig f\u00fcr die Bereitstellung des Dienstes aufbewahrt oder l\u00e4nger, als die Leute es w\u00fcnschen.<\/li>\n<li><strong>Sicherheit<\/strong>. Die Menschen sollten erwarten, dass wir alles in unserer Macht Stehende tun, um sie im Rahmen der bei Verwendung eines verschl\u00fcsselten Dienstes vorhandenen M\u00f6glichkeiten bei der Benutzung unserer Angebote zu sch\u00fctzen.<\/li>\n<li><strong>Interoperabilit\u00e4t.<\/strong> Die Menschen sollten in der Lage sein, mit unseren Apps ihre Freunde zu erreichen, und sie sollten einfach und sicher \u00fcber Netzwerke kommunizieren k\u00f6nnen.<\/li>\n<li><strong>Sichere Datenspeicherung.<\/strong> Die Menschen sollten davon ausgehen, dass wir keine sensiblen Daten in L\u00e4ndern speichern, die sich nicht zu Menschenrechten wie Privatsph\u00e4re und Meinungsfreiheit bekennen, um zu verhindern, dass Daten missbr\u00e4uchlich verwendet werden.<\/li>\n<\/ul>\n<p><h8>Hinweis: Der Text wurde automatisiert \u00fcbersetzt. Das Original ist <a href=\"https:\/\/newsroom.fb.com\/news\/2019\/03\/vision-for-social-networking\/\">hier zu finden<\/a>.<\/h8><\/p>\n","protected":false},"excerpt":{"rendered":"<a href=\"https:\/\/www.ifun.de\/mark-zuckerbergs-vision-von-sozialen-netzwerken-134630\/\"><img width=\"150\" height=\"150\" src=\"https:\/\/images.ifun.de\/wp-content\/uploads\/2019\/03\/facebook-datenschutz-150x150.jpg\" class=\"alignright tfe wp-post-image\" alt=\"Facebook Datenschutz\" decoding=\"async\" loading=\"lazy\" \/><\/a><p>Mark Zuckerberg w\u00e4re wohl auch in der Politik gut aufgehoben. Der Facebook-Chef scheint hervorragend von der Realit\u00e4t abgeschirmt, und pr\u00e4sentiert sich selbstbewusst als Speerspitze der Datensch\u00fctzer. In einem Aufsatz mit dem Titel \u201e A Privacy-Focused Vision for Social Networking \u201c pr\u00e4sentiert Zuckerberg eine \u201eVision\u201c, deren Kernelemente Nutzer und Datensch\u00fctzer l\u00e4ngst von ihm fordern. Es klingt [&hellip;]<\/p>\n","protected":false},"author":2,"featured_media":134635,"comment_status":"open","ping_status":"closed","sticky":false,"template":"","format":"standard","meta":{"_acf_changed":false,"footnotes":""},"categories":[1],"tags":[234],"class_list":["post-134630","post","type-post","status-publish","format-standard","has-post-thumbnail","hentry","category-news","tag-facebook"],"acf":[],"aioseo_notices":[],"subheadline":["Facebook-Chef zum Thema Datenschutz"],"featured_image":["https:\/\/images.ifun.de\/wp-content\/uploads\/2019\/03\/facebook-datenschutz-header.jpg"],"rest_api_enabler":{"subheadline":"Facebook-Chef zum Thema Datenschutz","featured_image":"https:\/\/images.ifun.de\/wp-content\/uploads\/2019\/03\/facebook-datenschutz-header.jpg"},"_links":{"self":[{"href":"https:\/\/www.ifun.de\/apiv2\/wp\/v2\/posts\/134630","targetHints":{"allow":["GET"]}}],"collection":[{"href":"https:\/\/www.ifun.de\/apiv2\/wp\/v2\/posts"}],"about":[{"href":"https:\/\/www.ifun.de\/apiv2\/wp\/v2\/types\/post"}],"author":[{"embeddable":true,"href":"https:\/\/www.ifun.de\/apiv2\/wp\/v2\/users\/2"}],"replies":[{"embeddable":true,"href":"https:\/\/www.ifun.de\/apiv2\/wp\/v2\/comments?post=134630"}],"version-history":[{"count":4,"href":"https:\/\/www.ifun.de\/apiv2\/wp\/v2\/posts\/134630\/revisions"}],"predecessor-version":[{"id":134636,"href":"https:\/\/www.ifun.de\/apiv2\/wp\/v2\/posts\/134630\/revisions\/134636"}],"wp:featuredmedia":[{"embeddable":true,"href":"https:\/\/www.ifun.de\/apiv2\/wp\/v2\/media\/134635"}],"wp:attachment":[{"href":"https:\/\/www.ifun.de\/apiv2\/wp\/v2\/media?parent=134630"}],"wp:term":[{"taxonomy":"category","embeddable":true,"href":"https:\/\/www.ifun.de\/apiv2\/wp\/v2\/categories?post=134630"},{"taxonomy":"post_tag","embeddable":true,"href":"https:\/\/www.ifun.de\/apiv2\/wp\/v2\/tags?post=134630"}],"curies":[{"name":"wp","href":"https:\/\/api.w.org\/{rel}","templated":true}]}}