{"id":134605,"date":"2019-03-07T06:55:40","date_gmt":"2019-03-07T05:55:40","guid":{"rendered":"https:\/\/www.ifun.de\/?p=134605"},"modified":"2019-03-07T06:55:40","modified_gmt":"2019-03-07T05:55:40","slug":"sonos-one-2-generation-mit-mehr-speicher-und-verbessertem-prozessor-erhaeltlich","status":"publish","type":"post","link":"https:\/\/www.ifun.de\/sonos-one-2-generation-mit-mehr-speicher-und-verbessertem-prozessor-erhaeltlich-134605\/","title":{"rendered":"Sonos One: 2. Generation mit mehr Speicher und verbessertem Prozessor erh\u00e4ltlich"},"content":{"rendered":"<p>Knapp anderthalb Jahre nach dem Produktstart des <a href=\"https:\/\/www.sonos.com\/de-de\/shop\/one.html\">Sonos One<\/a> bekommt der kompakte AirPlay-Lautsprecher sein erstes Hardware-Update. Sonos bringt eine technisch \u00fcberarbeitete Generation 2 des Ger\u00e4ts in den Handel.<\/p>\n<p><a href=\"https:\/\/images.ifun.de\/wp-content\/uploads\/2019\/03\/sonos-one-schwarz.jpg\"><img loading=\"lazy\" decoding=\"async\" src=\"https:\/\/images.ifun.de\/wp-content\/uploads\/2019\/03\/sonos-one-schwarz.jpg\" alt=\"Sonos One Schwarz\" width=\"500\" height=\"515\" class=\"alignnone size-full wp-image-134612\" srcset=\"https:\/\/images.ifun.de\/wp-content\/uploads\/2019\/03\/sonos-one-schwarz.jpg 499w, https:\/\/images.ifun.de\/wp-content\/uploads\/2019\/03\/sonos-one-schwarz-484x500.jpg 484w\" sizes=\"auto, (max-width: 500px) 100vw, 500px\" \/><\/a><\/p>\n<p>Laut Hersteller wurde der Sonos One Generation 2 mit einem verbesserten Prozessor, Bluetooth Low Energy und erweitertem Speicher ausgestattet. Die Verbesserungen haben zumindest aktuell keinen Einfluss auf den Funktionsumfang des Ger\u00e4ts, sondern sollten vorrangig zur Leistungsverbesserung dienen. Der Sonos One ist ja nicht nur als Multiroom- und AirPlay-2-Lautsprecher verwendbar, sondern unterst\u00fctzt auch Amazon Alexa. Ein paar mehr PS unter der Haube k\u00f6nnen da nie schaden.<\/p>\n<p>Auch das integrierte Bluetooth LE bietet zumindest soweit bislang bekannt keine Zusatzfunktionen, sondern soll lediglich den Einrichtungsprozess mithilfe von Mobilger\u00e4ten erleichtern. Somit bleiben beide Generationen des Sonos One in ihrer Funktionalit\u00e4t und ihrem Design identisch, Sonos betont auch, dass die beiden Generationen weiterhin regelm\u00e4\u00dfige Updates erhalten.<\/p>\n<p><a href=\"https:\/\/images.ifun.de\/wp-content\/uploads\/2019\/03\/sonos-one-weiss-und-schwarz.jpg\"><img loading=\"lazy\" decoding=\"async\" src=\"https:\/\/images.ifun.de\/wp-content\/uploads\/2019\/03\/sonos-one-weiss-und-schwarz-700x360.jpg\" alt=\"Sonos One Weiss Und Schwarz\" width=\"700\" height=\"360\" class=\"alignnone size-large wp-image-134610\" srcset=\"https:\/\/images.ifun.de\/wp-content\/uploads\/2019\/03\/sonos-one-weiss-und-schwarz.jpg 700w, https:\/\/images.ifun.de\/wp-content\/uploads\/2019\/03\/sonos-one-weiss-und-schwarz-500x257.jpg 500w\" sizes=\"auto, (max-width: 700px) 100vw, 700px\" \/><\/a><\/p>\n<p>Beim Kauf eines neuen Ger\u00e4ts solltet ihr k\u00fcnftig dennoch die Augen offen halten. Das neue Modell sollte mit einem Hinweis auf die zweite Generation angeboten werden. Auf die Vorg\u00e4ngergeneration k\u00f6nnt ihr Preisnachl\u00e4sse erwarten. Ein <a rel=\"noindex, nofollow\" href=\"https:\/\/www.amazon.de\/gp\/product\/B075XSCM8R\/ref=ox_sc_act_title_1?smid=A3JWKAKR8XB7XF&amp;psc=1https:\/\/www.amazon.de\/gp\/product\/B075XSCM8R\/ref=ox_sc_act_title_1?tag=musicweb02\">Blick zu Amazon<\/a> zeigt beispielsweise, dass der Sonos One \u00fcber Amazon selbst gerade nicht lieferbar ist. Bei den \u00fcber andere H\u00e4ndler verf\u00fcgbaren Ger\u00e4ten d\u00fcrfte es sich um das alte Modell handeln. <a href=\"http:\/\/www.anrdoezrs.net\/click-7465401-13081492\">Direkt beim Hersteller<\/a> wird der Sonos One gerade f\u00fcr 229 Euro angeboten und ihr k\u00f6nnt euch sicher sein, dass hier bereits die 2. Generation des Ger\u00e4ts geliefert wird.<\/p>\n","protected":false},"excerpt":{"rendered":"<a href=\"https:\/\/www.ifun.de\/sonos-one-2-generation-mit-mehr-speicher-und-verbessertem-prozessor-erhaeltlich-134605\/\"><img width=\"150\" height=\"150\" src=\"https:\/\/images.ifun.de\/wp-content\/uploads\/2019\/03\/sonos-one-schwarz-150x150.jpg\" class=\"alignright tfe wp-post-image\" alt=\"Sonos One Schwarz\" decoding=\"async\" loading=\"lazy\" \/><\/a><p>Knapp anderthalb Jahre nach dem Produktstart des Sonos One bekommt der kompakte AirPlay-Lautsprecher sein erstes Hardware-Update. Sonos bringt eine technisch \u00fcberarbeitete Generation 2 des Ger\u00e4ts in den Handel. Laut Hersteller wurde der Sonos One Generation 2 mit einem verbesserten Prozessor, Bluetooth Low Energy und erweitertem Speicher ausgestattet. Die Verbesserungen haben zumindest aktuell keinen Einfluss auf [&hellip;]<\/p>\n","protected":false},"author":2,"featured_media":134612,"comment_status":"open","ping_status":"closed","sticky":false,"template":"","format":"standard","meta":{"_acf_changed":false,"footnotes":""},"categories":[1],"tags":[1068,3880],"class_list":["post-134605","post","type-post","status-publish","format-standard","has-post-thumbnail","hentry","category-news","tag-sonos","tag-sonos-one"],"acf":[],"aioseo_notices":[],"featured_image":["https:\/\/images.ifun.de\/wp-content\/uploads\/2019\/03\/sonos-one-weiss.jpg"],"subheadline":["Funktionsumfang bleibt identisch"],"rest_api_enabler":{"featured_image":"https:\/\/images.ifun.de\/wp-content\/uploads\/2019\/03\/sonos-one-weiss.jpg","subheadline":"Funktionsumfang bleibt identisch"},"_links":{"self":[{"href":"https:\/\/www.ifun.de\/apiv2\/wp\/v2\/posts\/134605","targetHints":{"allow":["GET"]}}],"collection":[{"href":"https:\/\/www.ifun.de\/apiv2\/wp\/v2\/posts"}],"about":[{"href":"https:\/\/www.ifun.de\/apiv2\/wp\/v2\/types\/post"}],"author":[{"embeddable":true,"href":"https:\/\/www.ifun.de\/apiv2\/wp\/v2\/users\/2"}],"replies":[{"embeddable":true,"href":"https:\/\/www.ifun.de\/apiv2\/wp\/v2\/comments?post=134605"}],"version-history":[{"count":7,"href":"https:\/\/www.ifun.de\/apiv2\/wp\/v2\/posts\/134605\/revisions"}],"predecessor-version":[{"id":134615,"href":"https:\/\/www.ifun.de\/apiv2\/wp\/v2\/posts\/134605\/revisions\/134615"}],"wp:featuredmedia":[{"embeddable":true,"href":"https:\/\/www.ifun.de\/apiv2\/wp\/v2\/media\/134612"}],"wp:attachment":[{"href":"https:\/\/www.ifun.de\/apiv2\/wp\/v2\/media?parent=134605"}],"wp:term":[{"taxonomy":"category","embeddable":true,"href":"https:\/\/www.ifun.de\/apiv2\/wp\/v2\/categories?post=134605"},{"taxonomy":"post_tag","embeddable":true,"href":"https:\/\/www.ifun.de\/apiv2\/wp\/v2\/tags?post=134605"}],"curies":[{"name":"wp","href":"https:\/\/api.w.org\/{rel}","templated":true}]}}