{"id":134477,"date":"2019-03-05T08:18:23","date_gmt":"2019-03-05T07:18:23","guid":{"rendered":"https:\/\/www.ifun.de\/?p=134477"},"modified":"2019-03-05T08:18:23","modified_gmt":"2019-03-05T07:18:23","slug":"heute-guenstiger-sandisk-portable-ssd-und-belkin-boost-qi-ladestaender","status":"publish","type":"post","link":"https:\/\/www.ifun.de\/heute-guenstiger-sandisk-portable-ssd-und-belkin-boost-qi-ladestaender-134477\/","title":{"rendered":"Heute g\u00fcnstiger: SanDisk Portable SSD und Belkin Boost Qi-Ladest\u00e4nder"},"content":{"rendered":"<p>Amazon bietet die <a href=\"https:\/\/www.ifun.de\/sandisk-extreme-portable-ssd-robuste-mini-festplatte-mit-usb-c-127308\/\" title=\"hier von uns vorgestellte\">hier von uns vorgestellte<\/a> \u201eSSD f\u00fcr die Hosentasche\u201c <a rel=\"noindex, nofollow\" href=\"http:\/\/www.ifun.de\/amzn\/B078SVRH4B\" title=\"SanDisk Extreme Portable SSD\">SanDisk Extreme Portable SSD<\/a> heute im Rahmen der <a href=\"https:\/\/amzn.to\/2XFfyMS\">Tagesangebote<\/a> mit kr\u00e4ftigem Preisnachlass an. Die Version mit 1TB Speicher ist als Sonderangebot f\u00fcr 179,99 Euro zu haben. Das Modell mit 500GB gibt es f\u00fcr 99,99 Euro.<\/p>\n<p><a href=\"https:\/\/images.ifun.de\/wp-content\/uploads\/2019\/03\/sandisk-portable-ssd.jpg\"><img loading=\"lazy\" decoding=\"async\" src=\"https:\/\/images.ifun.de\/wp-content\/uploads\/2019\/03\/sandisk-portable-ssd.jpg\" alt=\"Sandisk Portable Ssd\" width=\"500\" height=\"330\" class=\"alignnone size-full wp-image-134480\" \/><\/a><\/p>\n<p>Erst vor wenigen Tagen haben wir darauf hingewiesen, dass der Stra\u00dfenpreis f\u00fcr die SSDs mittlerweile ein ganzes St\u00fcck gefallen ist, zuletzt war die urspr\u00fcnglich zum Preis von 289 Euro eingef\u00fchrte Variante mit 1TB Speicher immer f\u00fcr 209 Euro erh\u00e4ltlich.<\/p>\n<p>Die in einem robusten Kunststoffgeh\u00e4use untergebrachte SanDisk Extreme Portable SSD wiegt knapp 40 Gramm und ist mit 0,9 x 5 x 9,6 cm ausgesprochen kompakt. Die Verbindung zum Rechner erfolgt \u00fcber USB-C, im Lieferumfang ist neben einem 10 cm kurzen USB-C-Kabel allerdings auch ein Adapter f\u00fcr klassische USB-A-Anschl\u00fcsse enthalten.<\/p>\n<p><div class=\"responsive-video\"><iframe loading=\"lazy\" width=\"700\" height=\"315\" src=\"https:\/\/www.youtube-nocookie.com\/embed\/0VyCjjCardI\" frameborder=\"0\" allow=\"autoplay; encrypted-media\" allowfullscreen><\/iframe><\/div><\/p>\n<h2>Belkin Boost Qi-Ladest\u00e4nder heute g\u00fcnstiger<\/h2>\n<p>Ebenfalls im Rahmen der Tagesangebote sind heute verschiedene <a href=\"https:\/\/amzn.to\/2EBzTJU\">Qi-Ladestationen von Belkin<\/a> mit Preisnachlass erh\u00e4ltlich. Hier ist besonders der Ladest\u00e4nder <a rel=\"noindex, nofollow\" href=\"http:\/\/www.ifun.de\/amzn\/B07CX1ZBLR\">Belkin Boost Up 10-W<\/a> erw\u00e4hnenswert. Das Ger\u00e4t gibt es in Wei\u00df gerade f\u00fcr 49,99 Euro, ansonsten werden hier (wie auch f\u00fcr die schwarze Version) in der Regel rund 60 Euro f\u00e4llig.<\/p>\n<p>Das Belkin-Ladeger\u00e4t ist in der Lage, aktuelle iPhone-Modelle mit 7,5 Watt im Schnellmodus zu laden. Das Ger\u00e4t wird dabei stehend und somit Face-ID-freundlich platziert, wobei alternativ auch das Laden im Querformat m\u00f6glich ist. Zudem ist zu ber\u00fccksichtigen, dass in diesem Preis Netzteil und Anschlusskabel (1,5 Meter L\u00e4nge) enthalten sind. Bei g\u00fcnstigen Ger\u00e4ten ist dies meist nicht der Fall.<\/p>\n<p><a href=\"https:\/\/images.ifun.de\/wp-content\/uploads\/2019\/03\/belkin-boost.jpg\"><img loading=\"lazy\" decoding=\"async\" src=\"https:\/\/images.ifun.de\/wp-content\/uploads\/2019\/03\/belkin-boost-700x233.jpg\" alt=\"Belkin Boost\" width=\"700\" height=\"233\" class=\"alignnone size-large wp-image-134482\" srcset=\"https:\/\/images.ifun.de\/wp-content\/uploads\/2019\/03\/belkin-boost.jpg 700w, https:\/\/images.ifun.de\/wp-content\/uploads\/2019\/03\/belkin-boost-500x166.jpg 500w\" sizes=\"auto, (max-width: 700px) 100vw, 700px\" \/><\/a><\/p>\n","protected":false},"excerpt":{"rendered":"<a href=\"https:\/\/www.ifun.de\/heute-guenstiger-sandisk-portable-ssd-und-belkin-boost-qi-ladestaender-134477\/\"><img width=\"150\" height=\"150\" src=\"https:\/\/images.ifun.de\/wp-content\/uploads\/2019\/03\/belkin-boost-150x150.jpg\" class=\"alignright tfe wp-post-image\" alt=\"Belkin Boost\" decoding=\"async\" loading=\"lazy\" \/><\/a><p>Amazon bietet die hier von uns vorgestellte \u201eSSD f\u00fcr die Hosentasche\u201c SanDisk Extreme Portable SSD heute im Rahmen der Tagesangebote mit kr\u00e4ftigem Preisnachlass an. Die Version mit 1TB Speicher ist als Sonderangebot f\u00fcr 179,99 Euro zu haben. Das Modell mit 500GB gibt es f\u00fcr 99,99 Euro. Erst vor wenigen Tagen haben wir darauf hingewiesen, dass [&hellip;]<\/p>\n","protected":false},"author":2,"featured_media":134482,"comment_status":"open","ping_status":"closed","sticky":false,"template":"","format":"standard","meta":{"_acf_changed":false,"footnotes":""},"categories":[3015],"tags":[],"class_list":["post-134477","post","type-post","status-publish","format-standard","has-post-thumbnail","hentry","category-angebote"],"acf":[],"aioseo_notices":[],"subheadline":["Amazon-Tagesangebote"],"featured_image":["https:\/\/images.ifun.de\/wp-content\/uploads\/2019\/03\/belkin-boost-qi-ladestaender.jpg"],"rest_api_enabler":{"subheadline":"Amazon-Tagesangebote","featured_image":"https:\/\/images.ifun.de\/wp-content\/uploads\/2019\/03\/belkin-boost-qi-ladestaender.jpg"},"_links":{"self":[{"href":"https:\/\/www.ifun.de\/apiv2\/wp\/v2\/posts\/134477","targetHints":{"allow":["GET"]}}],"collection":[{"href":"https:\/\/www.ifun.de\/apiv2\/wp\/v2\/posts"}],"about":[{"href":"https:\/\/www.ifun.de\/apiv2\/wp\/v2\/types\/post"}],"author":[{"embeddable":true,"href":"https:\/\/www.ifun.de\/apiv2\/wp\/v2\/users\/2"}],"replies":[{"embeddable":true,"href":"https:\/\/www.ifun.de\/apiv2\/wp\/v2\/comments?post=134477"}],"version-history":[{"count":4,"href":"https:\/\/www.ifun.de\/apiv2\/wp\/v2\/posts\/134477\/revisions"}],"predecessor-version":[{"id":139265,"href":"https:\/\/www.ifun.de\/apiv2\/wp\/v2\/posts\/134477\/revisions\/139265"}],"wp:featuredmedia":[{"embeddable":true,"href":"https:\/\/www.ifun.de\/apiv2\/wp\/v2\/media\/134482"}],"wp:attachment":[{"href":"https:\/\/www.ifun.de\/apiv2\/wp\/v2\/media?parent=134477"}],"wp:term":[{"taxonomy":"category","embeddable":true,"href":"https:\/\/www.ifun.de\/apiv2\/wp\/v2\/categories?post=134477"},{"taxonomy":"post_tag","embeddable":true,"href":"https:\/\/www.ifun.de\/apiv2\/wp\/v2\/tags?post=134477"}],"curies":[{"name":"wp","href":"https:\/\/api.w.org\/{rel}","templated":true}]}}