{"id":13423,"date":"2011-06-20T20:57:50","date_gmt":"2011-06-20T18:57:50","guid":{"rendered":"http:\/\/www.ifun.de\/?p=13423"},"modified":"2011-06-20T20:59:15","modified_gmt":"2011-06-20T18:59:15","slug":"neue-geruchte-macbook-air-soll-mit-schwarzem-gehause-kommen","status":"publish","type":"post","link":"https:\/\/www.ifun.de\/neue-geruchte-macbook-air-soll-mit-schwarzem-gehause-kommen-13423\/","title":{"rendered":"Neue Ger\u00fcchte: MacBook Air angeblich mit schwarzem Geh\u00e4use"},"content":{"rendered":"<p>Neue <a href=\"http:\/\/www.apple.com\/de\/macbookair\/\">MacBook-Air<\/a>-Ger\u00fcchte: Angeblich plant Apple die Einf\u00fchrung einer schwarzen Modellvariante des Mini-Notebooks. Bereits seit geraumer Zeit wird ja dar\u00fcber spekuliert, dass ein Upgrade mit neuen Prozessoren und Thunderbolt-Schnittstelle in dern Startl\u00f6chern steht. Zuletzt hie\u00df es, dass Apple mit der Ver\u00f6ffentlichung noch bis zu dem f\u00fcr Juli angek\u00fcndigten Startschuss f\u00fcr die n\u00e4chste OS-X-Version &#8222;Lion&#8220; wartet.<\/p>\n<p>Die US-Webseite <a href=\"http:\/\/www.macrumors.com\/2011\/06\/20\/next-generation-macbook-air-to-include-black-option\/\">MacRumors<\/a> hat nun mehrere anonyme Hinweise bez\u00fcglich einer neuen Geh\u00e4usevariante erhalten, die ausschlie\u00dflich dem Top-Modell des MacBook Air vorbehalten sein soll. M\u00f6glicherweise handelt es sich dabei um ein Aluminiumgeh\u00e4use mit schwarzer <a href=\"http:\/\/de.wikipedia.org\/wiki\/Eloxieren\">Eloxierung<\/a>.<\/p>\n<p>Ein \u00e4hnliches Konzept hat Apple in der Vergangenheit bereits mit dem Einsteiger-MacBook verfolgt. Dieses gab es in verschiedenen Konfigurationen mit wei\u00dfem, gl\u00e4nzendem Kunststoffgeh\u00e4use sowie in der Top-Konfiguration mit edlem Kunststoffgeh\u00e4use in Mattschwarz.<\/p>\n","protected":false},"excerpt":{"rendered":"<p>Neue MacBook-Air-Ger\u00fcchte: Angeblich plant Apple die Einf\u00fchrung einer schwarzen Modellvariante des Mini-Notebooks. Bereits seit geraumer Zeit wird ja dar\u00fcber spekuliert, dass ein Upgrade mit neuen Prozessoren und Thunderbolt-Schnittstelle in dern Startl\u00f6chern steht. Zuletzt hie\u00df es, dass Apple mit der Ver\u00f6ffentlichung noch bis zu dem f\u00fcr Juli angek\u00fcndigten Startschuss f\u00fcr die n\u00e4chste OS-X-Version &#8222;Lion&#8220; wartet. Die [&hellip;]<\/p>\n","protected":false},"author":2,"featured_media":0,"comment_status":"open","ping_status":"closed","sticky":false,"template":"","format":"standard","meta":{"_acf_changed":false,"footnotes":""},"categories":[18],"tags":[4736,3910,6321,144,344],"class_list":["post-13423","post","type-post","status-publish","format-standard","hentry","category-rumors","tag-apple","tag-geruechte","tag-mac","tag-macbook","tag-macbook-air"],"acf":[],"aioseo_notices":[],"rest_api_enabler":[],"_links":{"self":[{"href":"https:\/\/www.ifun.de\/apiv2\/wp\/v2\/posts\/13423","targetHints":{"allow":["GET"]}}],"collection":[{"href":"https:\/\/www.ifun.de\/apiv2\/wp\/v2\/posts"}],"about":[{"href":"https:\/\/www.ifun.de\/apiv2\/wp\/v2\/types\/post"}],"author":[{"embeddable":true,"href":"https:\/\/www.ifun.de\/apiv2\/wp\/v2\/users\/2"}],"replies":[{"embeddable":true,"href":"https:\/\/www.ifun.de\/apiv2\/wp\/v2\/comments?post=13423"}],"version-history":[{"count":3,"href":"https:\/\/www.ifun.de\/apiv2\/wp\/v2\/posts\/13423\/revisions"}],"predecessor-version":[{"id":13426,"href":"https:\/\/www.ifun.de\/apiv2\/wp\/v2\/posts\/13423\/revisions\/13426"}],"wp:attachment":[{"href":"https:\/\/www.ifun.de\/apiv2\/wp\/v2\/media?parent=13423"}],"wp:term":[{"taxonomy":"category","embeddable":true,"href":"https:\/\/www.ifun.de\/apiv2\/wp\/v2\/categories?post=13423"},{"taxonomy":"post_tag","embeddable":true,"href":"https:\/\/www.ifun.de\/apiv2\/wp\/v2\/tags?post=13423"}],"curies":[{"name":"wp","href":"https:\/\/api.w.org\/{rel}","templated":true}]}}