{"id":134005,"date":"2019-02-20T21:29:38","date_gmt":"2019-02-20T20:29:38","guid":{"rendered":"https:\/\/www.ifun.de\/?p=134005"},"modified":"2019-02-20T21:31:35","modified_gmt":"2019-02-20T20:31:35","slug":"eu-urheberrechtsreform-deutschland-stimmt-fuer-upload-filter","status":"publish","type":"post","link":"https:\/\/www.ifun.de\/eu-urheberrechtsreform-deutschland-stimmt-fuer-upload-filter-134005\/","title":{"rendered":"EU-Urheberrechtsreform: Deutschland stimmt f\u00fcr Upload-Filter"},"content":{"rendered":"<p>Die umstrittene <a href=\"https:\/\/www.ifun.de\/urheberrechts-reform-eu-plaediert-fuer-upload-filter-133749\/\" title=\"Urheberrechts-Reform: EU pl\u00e4diert f\u00fcr Upload-Filter\">europ\u00e4ische Urheberrechtsreform<\/a> r\u00fcckt n\u00e4her. Die Regierungen der EU-Mitgliedsstaaten haben den Pl\u00e4nen mehrheitlich zugestimmt. Die Bundesregierung hat damit einmal mehr die im Koalitionsvertrag festgehaltenen Ziele ignoriert. In den Koalitionsverhandlungen hatten sich die beteiligten Parteien noch gegen die umstrittenen Upload-Filter ausgesprochen.<\/p>\n<p>Einw\u00e4nde kamen nun nur noch aus den Niederlanden, Luxemburg, Polen, Italien und Finnland. Diese Staaten bezeichnen die geplante \u00c4nderung in einer <a href=\"https:\/\/www.permanentrepresentations.nl\/permanent-representations\/pr-eu-brussels\/documents\/policy-notes\/2019\/02\/20\/joint-statement-regarding-the-copyright-directive\">Stellungnahme<\/a> als R\u00fcckschritt hinsichtlich eines gemeinsamen digitalen Binnenmarkt und beklagen das fehlende Gleichgewicht zwischen dem Schutz der Rechteinhaber und den Interessen von B\u00fcrgern und Unternehmen in der EU.<\/p>\n<p>Ein Termin f\u00fcr die finale Abstimmung im EU-Parlament steht noch aus. Voraussichtlich findet diese Ende M\u00e4rz statt. Weiterf\u00fchrende Infos gibt\u2019s bei der <a href=\"https:\/\/www.tagesschau.de\/wirtschaft\/eu-urheberrechtsreform-105.html\">Tagesschau<\/a>.<\/p>\n<h6>Bild: <a href=\"https:\/\/de.depositphotos.com\/\">depositphotos.com<\/a><\/h6>\n","protected":false},"excerpt":{"rendered":"<p>Die umstrittene europ\u00e4ische Urheberrechtsreform r\u00fcckt n\u00e4her. Die Regierungen der EU-Mitgliedsstaaten haben den Pl\u00e4nen mehrheitlich zugestimmt. Die Bundesregierung hat damit einmal mehr die im Koalitionsvertrag festgehaltenen Ziele ignoriert. In den Koalitionsverhandlungen hatten sich die beteiligten Parteien noch gegen die umstrittenen Upload-Filter ausgesprochen. Einw\u00e4nde kamen nun nur noch aus den Niederlanden, Luxemburg, Polen, Italien und Finnland. Diese [&hellip;]<\/p>\n","protected":false},"author":2,"featured_media":0,"comment_status":"open","ping_status":"closed","sticky":false,"template":"","format":"standard","meta":{"_acf_changed":false,"footnotes":""},"categories":[1],"tags":[],"class_list":["post-134005","post","type-post","status-publish","format-standard","hentry","category-news"],"acf":[],"aioseo_notices":[],"subheadline":["Nur f\u00fcnf Mitgliedsstaaten \u00e4u\u00dfern Kritik"],"featured_image":["https:\/\/images.ifun.de\/wp-content\/uploads\/2018\/01\/europa-dp.jpg"],"rest_api_enabler":{"subheadline":"Nur f\u00fcnf Mitgliedsstaaten \u00e4u\u00dfern Kritik","featured_image":"https:\/\/images.ifun.de\/wp-content\/uploads\/2018\/01\/europa-dp.jpg"},"_links":{"self":[{"href":"https:\/\/www.ifun.de\/apiv2\/wp\/v2\/posts\/134005","targetHints":{"allow":["GET"]}}],"collection":[{"href":"https:\/\/www.ifun.de\/apiv2\/wp\/v2\/posts"}],"about":[{"href":"https:\/\/www.ifun.de\/apiv2\/wp\/v2\/types\/post"}],"author":[{"embeddable":true,"href":"https:\/\/www.ifun.de\/apiv2\/wp\/v2\/users\/2"}],"replies":[{"embeddable":true,"href":"https:\/\/www.ifun.de\/apiv2\/wp\/v2\/comments?post=134005"}],"version-history":[{"count":4,"href":"https:\/\/www.ifun.de\/apiv2\/wp\/v2\/posts\/134005\/revisions"}],"predecessor-version":[{"id":134009,"href":"https:\/\/www.ifun.de\/apiv2\/wp\/v2\/posts\/134005\/revisions\/134009"}],"wp:attachment":[{"href":"https:\/\/www.ifun.de\/apiv2\/wp\/v2\/media?parent=134005"}],"wp:term":[{"taxonomy":"category","embeddable":true,"href":"https:\/\/www.ifun.de\/apiv2\/wp\/v2\/categories?post=134005"},{"taxonomy":"post_tag","embeddable":true,"href":"https:\/\/www.ifun.de\/apiv2\/wp\/v2\/tags?post=134005"}],"curies":[{"name":"wp","href":"https:\/\/api.w.org\/{rel}","templated":true}]}}