{"id":133948,"date":"2019-02-19T14:40:58","date_gmt":"2019-02-19T13:40:58","guid":{"rendered":"https:\/\/www.ifun.de\/?p=133948"},"modified":"2019-02-19T14:41:34","modified_gmt":"2019-02-19T13:41:34","slug":"apple-video-vorstellung-im-maerz-start-erst-spaeter-im-jahr","status":"publish","type":"post","link":"https:\/\/www.ifun.de\/apple-video-vorstellung-im-maerz-start-erst-spaeter-im-jahr-133948\/","title":{"rendered":"Apple Video: Vorstellung im M\u00e4rz, Start erst sp\u00e4ter im Jahr"},"content":{"rendered":"<p>Die Ger\u00fcchtelage zu Apples bevorstehender M\u00e4rz-Veranstaltung <a href=\"https:\/\/www.ifun.de\/apple-event-im-maerz-soll-zeitungs-flatrate-zum-thema-haben-133658\/\">ist durchwachsen<\/a>. Neben neuer Hardware &#8211; das normale iPad <a href=\"https:\/\/www.ifun.de\/neues-ipad-mini-in-altem-design-iphone-weiter-mit-lightning-133566\/\">und das iPad mini<\/a> sollen vor einer Aktualisierung stehen &#8211; scheint Cupertino auch die neuen Abo-Pl\u00e4ne einer breiten \u00d6ffentlichkeit pr\u00e4sentieren zu wollen. <\/p>\n<p>\u00dcber die konkreten Eckdaten sind sich die Branchenbeobachter jedoch noch uneins. <\/p>\n<p><a href=\"https:\/\/images.ifun.de\/wp-content\/uploads\/2017\/01\/tim-cook-500.jpg\"><img loading=\"lazy\" decoding=\"async\" src=\"https:\/\/images.ifun.de\/wp-content\/uploads\/2017\/01\/tim-cook-500.jpg\" alt=\"Tim Cook 500\" width=\"500\" height=\"324\" class=\"aligncenter size-full wp-image-102435\" srcset=\"https:\/\/images.ifun.de\/wp-content\/uploads\/2017\/01\/tim-cook-500.jpg 500w, https:\/\/images.ifun.de\/wp-content\/uploads\/2017\/01\/tim-cook-500-300x194.jpg 300w\" sizes=\"auto, (max-width: 500px) 100vw, 500px\" \/><\/a><br \/>\nNiemand wei\u00df, ob Apple ein <a href=\"https:\/\/www.iphone-ticker.de\/apple-prime-startet-das-apfel-abo-schon-im-april-136776\/\">gro\u00dfes &#8222;Apfel-Abo&#8220;<\/a> im Stil der Amazon Prime-Mitgliedschaft vorstellen wird und einzelne Bestandteile wie Musik- und Videostreaming sowie den Zugriff auf Nachrichteninhalte und Cloud-Speicher zum Pauschalpreis offerieren wird, oder mehrere Abo-Offerten einf\u00fchren wird, die wie Apple Music separat bezahlt und schlicht nach Belieben miteinander kombiniert werden k\u00f6nnen. <\/p>\n<p>Doch egal wie verlockend der Abo-Deal ausfallen wird: Variety <a href=\"https:\/\/variety.com\/2019\/digital\/news\/apple-video-service-summer-launch-1203140002\/\">f\u00fchrt an<\/a>, dass der Video-Streaming-Bereich  noch nicht startklar ist. Zwar darf damit gerechnet werden, dass dieser bereits w\u00e4hrend der M\u00e4rz-Veranstaltung pr\u00e4sentiert wird, wirklich starten sollen die Film- und Serien-Inhalte jedoch erst deutlich sp\u00e4ter im Jahr: Im sp\u00e4ten Sommer bzw. fr\u00fchen Herbst. <\/p>\n<blockquote><p>Apple is going to give the world a first glimpse at its marquee video content at a press event in Cupertino, Calif., at the end of next month, where the iPhone maker is expected to show clips of its original series. However, sources familiar with the company\u2019s plans told Variety that original series on the service may not launch until the summer, or even fall. [&#8230;] At the event, Apple is expected to show off clips from shows that are in the works for the video service, including the first glimpse of Jennifer Aniston, Reese Witherspoon, and Steve Carell in the untitled drama set behind the scenes of a network news morning show.<\/p><\/blockquote>\n","protected":false},"excerpt":{"rendered":"<a href=\"https:\/\/www.ifun.de\/apple-video-vorstellung-im-maerz-start-erst-spaeter-im-jahr-133948\/\"><img decoding=\"async\" width=\"150\" src=\"https:\/\/images.ifun.de\/wp-content\/uploads\/2017\/01\/tim-cook-500.jpg\" class=\"alignright wp-post-image tfe\" alt=\"Tim Cook 500\" title=\"\" \/><\/a><p>Die Ger\u00fcchtelage zu Apples bevorstehender M\u00e4rz-Veranstaltung ist durchwachsen. Neben neuer Hardware &#8211; das normale iPad und das iPad mini sollen vor einer Aktualisierung stehen &#8211; scheint Cupertino auch die neuen Abo-Pl\u00e4ne einer breiten \u00d6ffentlichkeit pr\u00e4sentieren zu wollen. \u00dcber die konkreten Eckdaten sind sich die Branchenbeobachter jedoch noch uneins. Niemand wei\u00df, ob Apple ein gro\u00dfes &#8222;Apfel-Abo&#8220; [&hellip;]<\/p>\n","protected":false},"author":1,"featured_media":0,"comment_status":"open","ping_status":"closed","sticky":false,"template":"","format":"standard","meta":{"_acf_changed":false,"footnotes":""},"categories":[3],"tags":[4414,3910,6322],"class_list":["post-133948","post","type-post","status-publish","format-standard","hentry","category-apple","tag-apfel-abo","tag-geruechte","tag-rumors"],"acf":[],"aioseo_notices":[],"subheadline":["Steve Carell und Jennifer Aniston anwesend"],"featured_image":["https:\/\/images.ifun.de\/wp-content\/uploads\/2017\/09\/tim-cook-keynote.jpg"],"rest_api_enabler":{"subheadline":"Steve Carell und Jennifer Aniston anwesend","featured_image":"https:\/\/images.ifun.de\/wp-content\/uploads\/2017\/09\/tim-cook-keynote.jpg"},"_links":{"self":[{"href":"https:\/\/www.ifun.de\/apiv2\/wp\/v2\/posts\/133948","targetHints":{"allow":["GET"]}}],"collection":[{"href":"https:\/\/www.ifun.de\/apiv2\/wp\/v2\/posts"}],"about":[{"href":"https:\/\/www.ifun.de\/apiv2\/wp\/v2\/types\/post"}],"author":[{"embeddable":true,"href":"https:\/\/www.ifun.de\/apiv2\/wp\/v2\/users\/1"}],"replies":[{"embeddable":true,"href":"https:\/\/www.ifun.de\/apiv2\/wp\/v2\/comments?post=133948"}],"version-history":[{"count":2,"href":"https:\/\/www.ifun.de\/apiv2\/wp\/v2\/posts\/133948\/revisions"}],"predecessor-version":[{"id":133950,"href":"https:\/\/www.ifun.de\/apiv2\/wp\/v2\/posts\/133948\/revisions\/133950"}],"wp:attachment":[{"href":"https:\/\/www.ifun.de\/apiv2\/wp\/v2\/media?parent=133948"}],"wp:term":[{"taxonomy":"category","embeddable":true,"href":"https:\/\/www.ifun.de\/apiv2\/wp\/v2\/categories?post=133948"},{"taxonomy":"post_tag","embeddable":true,"href":"https:\/\/www.ifun.de\/apiv2\/wp\/v2\/tags?post=133948"}],"curies":[{"name":"wp","href":"https:\/\/api.w.org\/{rel}","templated":true}]}}