{"id":133792,"date":"2019-02-15T10:37:11","date_gmt":"2019-02-15T09:37:11","guid":{"rendered":"https:\/\/www.ifun.de\/?p=133792"},"modified":"2019-02-18T11:58:38","modified_gmt":"2019-02-18T10:58:38","slug":"ipad-pro-2018-bei-wlan-problemen-chance-auf-geraetetausch","status":"publish","type":"post","link":"https:\/\/www.ifun.de\/ipad-pro-2018-bei-wlan-problemen-chance-auf-geraetetausch-133792\/","title":{"rendered":"iPad Pro 2018: Bei WLAN-Problemen Chance auf Ger\u00e4tetausch"},"content":{"rendered":"<p>Zum Jahreswechsel machte das \u201eiPad-Pro-Bentgate\u201c die Runde. Kunden <a href=\"https:\/\/www.ifun.de\/ab-werk-verformt-auslieferung-verbogener-ipad-pro-laut-apple-normal-131501\/\">beschwerten<\/a> sich dar\u00fcber, dass ihre neu gekauften iPads bereits beim Auspacken verbogen seien und Apple <a href=\"https:\/\/www.ifun.de\/bentgate-apple-informiert-ueber-fertigungstoleranzen-beim-ipad-pro-131927\/\" title=\"\u201eBentgate\u201c: Apple informiert \u00fcber Fertigungstoleranzen beim iPad Pro\">stellte daraufhin klar<\/a>, dass minimale Fertigungstoleranzen normal und \u201ebei normalem Gebrauch nicht wahrnehmbar\u201c seien.<\/p>\n<p>Den Begriff \u201ewahrnehmbar\u201c legen Hersteller und Kunde zumindest teilweise unterschiedlich aus. Dementsprechend werden als \u201everbogen\u201c reklamierte Ger\u00e4te oft, aber wohl nicht immer auf Kulanz getauscht.<\/p>\n<p><a href=\"https:\/\/images.ifun.de\/wp-content\/uploads\/2019\/02\/ipad-pro-2018.jpg\"><img loading=\"lazy\" decoding=\"async\" src=\"https:\/\/images.ifun.de\/wp-content\/uploads\/2019\/02\/ipad-pro-2018-700x550.jpg\" alt=\"Ipad Pro 2018\" width=\"700\" height=\"550\" class=\"alignnone size-large wp-image-133795\" srcset=\"https:\/\/images.ifun.de\/wp-content\/uploads\/2019\/02\/ipad-pro-2018.jpg 700w, https:\/\/images.ifun.de\/wp-content\/uploads\/2019\/02\/ipad-pro-2018-500x393.jpg 500w\" sizes=\"auto, (max-width: 700px) 100vw, 700px\" \/><\/a><\/p>\n<p>Ein betroffener iPad-K\u00e4ufer hat nun eine <a href=\"https:\/\/www.reddit.com\/r\/apple\/comments\/apvtep\/ipad_pro_2018_replacement_story\/\">nette Anekdote<\/a> ver\u00f6ffentlicht, die belegt, dass sich Apple-Mitarbeiter auch kreativ zeigen k\u00f6nnen, wenn es darum geht, den Kunden zufriedenzustellen. Auf seine Reklamation hin bekam er zun\u00e4chst die vom Konzern vorgegebenen Richtlinien erkl\u00e4rt, denen zufolge ein Austausch nur m\u00f6glich sei, wenn die Biegung den von Apple angegebenen Toleranzwert \u00fcberschreite. Allerdings, so habe der Apple-Mitarbeiter mit einem Augenzwinkern hinzugef\u00fcgt, w\u00fcrden die Ger\u00e4te grunds\u00e4tzlich getauscht, wenn man Probleme mit WLAN-Verbindungen habe.<\/p>\n<p>Nach dem Hinweis auf eben solche WLAN-Probleme sei das iPad dann auch direkt erneuert worden. Uns liegen zwar keine vergleichbaren Erfahrungsberichte aus Deutschland vor, es ist jedoch davon auszugehen, dass auch die Mitarbeiter in den hiesigen Apple-Ladengesch\u00e4ften \u00fcber bei den Ger\u00e4ten potenziell auftretende und irreparable WLAN-Probleme informiert sind.<\/p>\n","protected":false},"excerpt":{"rendered":"<a href=\"https:\/\/www.ifun.de\/ipad-pro-2018-bei-wlan-problemen-chance-auf-geraetetausch-133792\/\"><img width=\"150\" height=\"150\" src=\"https:\/\/images.ifun.de\/wp-content\/uploads\/2019\/02\/ipad-pro-2018-150x150.jpg\" class=\"alignright tfe wp-post-image\" alt=\"Ipad Pro 2018\" decoding=\"async\" loading=\"lazy\" \/><\/a><p>Zum Jahreswechsel machte das \u201eiPad-Pro-Bentgate\u201c die Runde. Kunden beschwerten sich dar\u00fcber, dass ihre neu gekauften iPads bereits beim Auspacken verbogen seien und Apple stellte daraufhin klar, dass minimale Fertigungstoleranzen normal und \u201ebei normalem Gebrauch nicht wahrnehmbar\u201c seien. Den Begriff \u201ewahrnehmbar\u201c legen Hersteller und Kunde zumindest teilweise unterschiedlich aus. Dementsprechend werden als \u201everbogen\u201c reklamierte Ger\u00e4te oft, [&hellip;]<\/p>\n","protected":false},"author":2,"featured_media":133795,"comment_status":"open","ping_status":"closed","sticky":false,"template":"","format":"standard","meta":{"_acf_changed":false,"footnotes":""},"categories":[10,1783],"tags":[2486],"class_list":["post-133792","post","type-post","status-publish","format-standard","has-post-thumbnail","hentry","category-ipad","category-feature","tag-ipad-pro"],"acf":[],"aioseo_notices":[],"subheadline":["Erfahrungsbericht eines US-Kunden"],"featured_image":["https:\/\/images.ifun.de\/wp-content\/uploads\/2018\/10\/ipad-pro-2018-feature.jpg"],"rest_api_enabler":{"subheadline":"Erfahrungsbericht eines US-Kunden","featured_image":"https:\/\/images.ifun.de\/wp-content\/uploads\/2018\/10\/ipad-pro-2018-feature.jpg"},"_links":{"self":[{"href":"https:\/\/www.ifun.de\/apiv2\/wp\/v2\/posts\/133792","targetHints":{"allow":["GET"]}}],"collection":[{"href":"https:\/\/www.ifun.de\/apiv2\/wp\/v2\/posts"}],"about":[{"href":"https:\/\/www.ifun.de\/apiv2\/wp\/v2\/types\/post"}],"author":[{"embeddable":true,"href":"https:\/\/www.ifun.de\/apiv2\/wp\/v2\/users\/2"}],"replies":[{"embeddable":true,"href":"https:\/\/www.ifun.de\/apiv2\/wp\/v2\/comments?post=133792"}],"version-history":[{"count":6,"href":"https:\/\/www.ifun.de\/apiv2\/wp\/v2\/posts\/133792\/revisions"}],"predecessor-version":[{"id":133805,"href":"https:\/\/www.ifun.de\/apiv2\/wp\/v2\/posts\/133792\/revisions\/133805"}],"wp:featuredmedia":[{"embeddable":true,"href":"https:\/\/www.ifun.de\/apiv2\/wp\/v2\/media\/133795"}],"wp:attachment":[{"href":"https:\/\/www.ifun.de\/apiv2\/wp\/v2\/media?parent=133792"}],"wp:term":[{"taxonomy":"category","embeddable":true,"href":"https:\/\/www.ifun.de\/apiv2\/wp\/v2\/categories?post=133792"},{"taxonomy":"post_tag","embeddable":true,"href":"https:\/\/www.ifun.de\/apiv2\/wp\/v2\/tags?post=133792"}],"curies":[{"name":"wp","href":"https:\/\/api.w.org\/{rel}","templated":true}]}}