{"id":133728,"date":"2019-02-14T08:06:29","date_gmt":"2019-02-14T07:06:29","guid":{"rendered":"https:\/\/www.ifun.de\/?p=133728"},"modified":"2019-02-15T20:20:34","modified_gmt":"2019-02-15T19:20:34","slug":"homepod-lebhafter-apple-schraubt-an-lokaler-siri-sprachausgabe","status":"publish","type":"post","link":"https:\/\/www.ifun.de\/homepod-lebhafter-apple-schraubt-an-lokaler-siri-sprachausgabe-133728\/","title":{"rendered":"HomePod &#8222;lebhafter&#8220;: Apple schraubt an lokaler Siri-Sprachausgabe"},"content":{"rendered":"<p>Mit dem k\u00fcrzlich vollzogenen Wachwechsel an der Spitze des Siri-Teams d\u00fcrften die jetzt beobachteten \u00c4nderungen der HomePod-Sprachausgabe wohl noch nichts zu tun haben, der R\u00fcckzug des langj\u00e4hrigen Siri-Chefs liegt <a href=\"https:\/\/www.iphone-ticker.de\/nach-sieben-jahren-apples-siri-chef-tritt-ab-136958\/\">erst 10 Tage zur\u00fcck<\/a>. <\/p>\n<blockquote class=\"twitter-tweet\" data-lang=\"en\">\n<p lang=\"en\" dir=\"ltr\">So will the real <a href=\"https:\/\/twitter.com\/hashtag\/Siri?src=hash&amp;ref_src=twsrc%5Etfw\">#Siri<\/a> please stand up. <a href=\"https:\/\/t.co\/8a8LCyarqI\">pic.twitter.com\/8a8LCyarqI<\/a><\/p>\n<p>&mdash; Callum (@callumjcoe) <a href=\"https:\/\/twitter.com\/callumjcoe\/status\/1095486598496415744?ref_src=twsrc%5Etfw\">February 13, 2019<\/a><\/p><\/blockquote>\n<p><script async src=\"https:\/\/platform.twitter.com\/widgets.js\" charset=\"utf-8\"><\/script><\/p>\n<p>Doch es tut sich etwa: Offenbar kommentarlos und ohne an eine bestimmte iOS-Version gebunden zu sein, hat Apple nun damit begonnen die lokalen, englischsprachigen Varianten der HomePod-Sprachausgabe mit \u00fcberarbeiteten Siri-Stimmen zu belegen. <\/p>\n<p>Sowohl englische Nutzer als auch australische Anwender, die die jeweiligen Lokalvarianten der Apple-Assistentin nutzen, <a href=\"https:\/\/old.reddit.com\/r\/HomePod\/comments\/aq61hc\/siri_has_a_new_voice_australia\/\">berichten<\/a> in sozialen Netzen von &#8222;lebhafteren&#8220; und &#8222;menschlicheren&#8220; Reaktionen. Ein Anwender schreibt: <\/p>\n<blockquote><p>Hat noch jemand in der letzten Stunde eine \u00c4nderung der Siri-Stimme (Australien, weiblich) festgestellt? Ich wurde hier v\u00f6llig \u00fcberrumpelt von neue Antworten zu Befehlen, die ich jeden Tag sage. Gesprochen mit einer v\u00f6llig neuen Stimme und einem v\u00f6llig neuen Ton! Siri ist ein bisschen j\u00fcnger und spricht heller. Habe den gleichen Befehl auf meinem iPhone ausprobiert und hier bekomme ich immer noch die &#8222;alte&#8220; Stimme, die die gleichen Antworten wie im letzten Jahr gibt.<\/p><\/blockquote>\n<p>Auf deutschen Ger\u00e4ten sind zur Stunde noch keine h\u00f6rbaren \u00c4nderungen zu verzeichnen. <\/p>\n","protected":false},"excerpt":{"rendered":"<p>Mit dem k\u00fcrzlich vollzogenen Wachwechsel an der Spitze des Siri-Teams d\u00fcrften die jetzt beobachteten \u00c4nderungen der HomePod-Sprachausgabe wohl noch nichts zu tun haben, der R\u00fcckzug des langj\u00e4hrigen Siri-Chefs liegt erst 10 Tage zur\u00fcck. So will the real #Siri please stand up. pic.twitter.com\/8a8LCyarqI &mdash; Callum (@callumjcoe) February 13, 2019 Doch es tut sich etwa: Offenbar kommentarlos [&hellip;]<\/p>\n","protected":false},"author":1,"featured_media":0,"comment_status":"open","ping_status":"closed","sticky":false,"template":"","format":"standard","meta":{"_acf_changed":false,"footnotes":""},"categories":[9,1783],"tags":[4736,3714,714,2146],"class_list":["post-133728","post","type-post","status-publish","format-standard","hentry","category-ios","category-feature","tag-apple","tag-homepod","tag-siri","tag-sprachausgabe"],"acf":[],"aioseo_notices":[],"subheadline":["Siri klingt, j\u00fcnger und menschlicher"],"featured_image":["https:\/\/images.ifun.de\/wp-content\/uploads\/2017\/11\/homepod-siri-header.jpg"],"rest_api_enabler":{"subheadline":"Siri klingt, j\u00fcnger und menschlicher","featured_image":"https:\/\/images.ifun.de\/wp-content\/uploads\/2017\/11\/homepod-siri-header.jpg"},"_links":{"self":[{"href":"https:\/\/www.ifun.de\/apiv2\/wp\/v2\/posts\/133728","targetHints":{"allow":["GET"]}}],"collection":[{"href":"https:\/\/www.ifun.de\/apiv2\/wp\/v2\/posts"}],"about":[{"href":"https:\/\/www.ifun.de\/apiv2\/wp\/v2\/types\/post"}],"author":[{"embeddable":true,"href":"https:\/\/www.ifun.de\/apiv2\/wp\/v2\/users\/1"}],"replies":[{"embeddable":true,"href":"https:\/\/www.ifun.de\/apiv2\/wp\/v2\/comments?post=133728"}],"version-history":[{"count":2,"href":"https:\/\/www.ifun.de\/apiv2\/wp\/v2\/posts\/133728\/revisions"}],"predecessor-version":[{"id":133730,"href":"https:\/\/www.ifun.de\/apiv2\/wp\/v2\/posts\/133728\/revisions\/133730"}],"wp:attachment":[{"href":"https:\/\/www.ifun.de\/apiv2\/wp\/v2\/media?parent=133728"}],"wp:term":[{"taxonomy":"category","embeddable":true,"href":"https:\/\/www.ifun.de\/apiv2\/wp\/v2\/categories?post=133728"},{"taxonomy":"post_tag","embeddable":true,"href":"https:\/\/www.ifun.de\/apiv2\/wp\/v2\/tags?post=133728"}],"curies":[{"name":"wp","href":"https:\/\/api.w.org\/{rel}","templated":true}]}}