{"id":133615,"date":"2019-02-12T11:51:09","date_gmt":"2019-02-12T10:51:09","guid":{"rendered":"https:\/\/www.ifun.de\/?p=133615"},"modified":"2019-02-12T11:51:17","modified_gmt":"2019-02-12T10:51:17","slug":"mac-dateimanager-marta-farben-einstellungen-fehlerbehebungen","status":"publish","type":"post","link":"https:\/\/www.ifun.de\/mac-dateimanager-marta-farben-einstellungen-fehlerbehebungen-133615\/","title":{"rendered":"Mac-Dateimanager Marta: Farben, Einstellungen, Fehlerbehebungen"},"content":{"rendered":"<p>Den Dateimanager <a href=\"https:\/\/marta.yanex.org\/\">Marta<\/a> setzen wir nun schon seit dem Start seiner \u00f6ffentlichen Testphase <a href=\"https:\/\/www.ifun.de\/geheimtipp-mac-dateimanager-marta-laedt-zur-oeffentlichen-testphase-ein-111174\/\">im Sommer 2017<\/a> ein und sind nach wie vor begeistert. Als Fans von Finder-Alternativen wie <a href=\"https:\/\/mac.eltima.com\/ftp-manager.html\">Commander One<\/a>, <a href=\"https:\/\/binarynights.com\/\">Forklift<\/a>, <a href=\"https:\/\/cocoatech.com\/#\/\">Pathfinder<\/a> und <a href=\"http:\/\/www.mucommander.com\/\">muCommander<\/a> freut uns die Geschwindigkeit, die Schlichtheit und das native Look-and-Feel der Mac-Anwendung, die sich im Rahmen der laufenden Entwicklung noch immer ohne Bezahlung nutzen l\u00e4sst. <\/p>\n<p><a href=\"https:\/\/images.ifun.de\/wp-content\/uploads\/2019\/02\/farben-marta.jpg\"><img loading=\"lazy\" decoding=\"async\" src=\"https:\/\/images.ifun.de\/wp-content\/uploads\/2019\/02\/farben-marta-500x307.jpg\" alt=\"Farben Marta\" width=\"500\" height=\"307\" class=\"aligncenter size-medium wp-image-133618\" srcset=\"https:\/\/images.ifun.de\/wp-content\/uploads\/2019\/02\/farben-marta-500x307.jpg 500w, https:\/\/images.ifun.de\/wp-content\/uploads\/2019\/02\/farben-marta-768x472.jpg 768w, https:\/\/images.ifun.de\/wp-content\/uploads\/2019\/02\/farben-marta-700x430.jpg 700w, https:\/\/images.ifun.de\/wp-content\/uploads\/2019\/02\/farben-marta.jpg 1690w\" sizes=\"auto, (max-width: 500px) 100vw, 500px\" \/><\/a><\/p>\n<p>Jetzt steht Marta in Version 0.6.1 zum Download bereit und kommt mit mehreren erw\u00e4hnenswerten Verbesserungen, die der Entwickler Yan Zhulanow in <a href=\"https:\/\/marta.yanex.org\/introducing-marco\">diesem Blogeintrag<\/a> zusammengefasst hat. <\/p>\n<p>Neu ist unter anderem der Konfigurations-Editor, mit dessen Hilfe sich alle Program-Einstellungen dem pers\u00f6nlichen Geschmack anpassen lassen. In seiner Linke Seite pr\u00e4sentiert der Konfigurations-Editor alle m\u00f6glichen Einstellungen, in der rechten Seite k\u00f6nnen diese um eigene Eintr\u00e4ge erweitert werden. Dei kleinen Zahnr\u00e4der versorgen euch dabei mit Detail-Informationen, welche Werte m\u00f6glich sind. <\/p>\n<p><a href=\"https:\/\/images.ifun.de\/wp-content\/uploads\/2019\/02\/konfig-editor-marta.jpg\"><img loading=\"lazy\" decoding=\"async\" src=\"https:\/\/images.ifun.de\/wp-content\/uploads\/2019\/02\/konfig-editor-marta-700x403.jpg\" alt=\"Konfig Editor Marta\" width=\"700\" height=\"403\" class=\"aligncenter size-large wp-image-133617\" srcset=\"https:\/\/images.ifun.de\/wp-content\/uploads\/2019\/02\/konfig-editor-marta-700x403.jpg 700w, https:\/\/images.ifun.de\/wp-content\/uploads\/2019\/02\/konfig-editor-marta-500x288.jpg 500w, https:\/\/images.ifun.de\/wp-content\/uploads\/2019\/02\/konfig-editor-marta-768x442.jpg 768w, https:\/\/images.ifun.de\/wp-content\/uploads\/2019\/02\/konfig-editor-marta.jpg 1858w\" sizes=\"auto, (max-width: 700px) 100vw, 700px\" \/><\/a><\/p>\n<p>Konfiguriert wird Marta \u00fcber den JSON-Dialekt Marco, den der Entwickler <a href=\"https:\/\/marta.yanex.org\/introducing-marco\">ebenfalls hier<\/a> beschreibt. Marco ist quasi baugleich <a href=\"https:\/\/de.wikipedia.org\/wiki\/JavaScript_Object_Notation\">zu JSON<\/a>, verzichtet aber \u00fcber \u00fcberfl\u00fcssige Sonderzechen und ist so etwas lesbarer. <\/p>\n<p>Neben dem Konfigurations-Editor f\u00fchrt Version 0.6.1 erstmals eine Farbhervorhebung ein, die Verzeichnisse Symlinks, Anwendungen und Datei-Bundles gesondert markiert. Das standardm\u00e4\u00dfig vorinstallierte Farbschema l\u00e4sst sich durch selbst geschriebene Plugins erweitern. Die kompletten \u00c4nderungen der neuen Version k\u00f6nnt ihr <a href=\"https:\/\/marta.yanex.org\/changelog\">diesem Changelog<\/a> entnehmen. <\/p>\n","protected":false},"excerpt":{"rendered":"<a href=\"https:\/\/www.ifun.de\/mac-dateimanager-marta-farben-einstellungen-fehlerbehebungen-133615\/\"><img width=\"150\" height=\"150\" src=\"https:\/\/images.ifun.de\/wp-content\/uploads\/2019\/02\/farben-marta-150x150.jpg\" class=\"alignright tfe wp-post-image\" alt=\"Farben Marta\" decoding=\"async\" loading=\"lazy\" \/><\/a><p>Den Dateimanager Marta setzen wir nun schon seit dem Start seiner \u00f6ffentlichen Testphase im Sommer 2017 ein und sind nach wie vor begeistert. Als Fans von Finder-Alternativen wie Commander One, Forklift, Pathfinder und muCommander freut uns die Geschwindigkeit, die Schlichtheit und das native Look-and-Feel der Mac-Anwendung, die sich im Rahmen der laufenden Entwicklung noch immer [&hellip;]<\/p>\n","protected":false},"author":1,"featured_media":133618,"comment_status":"open","ping_status":"closed","sticky":false,"template":"","format":"standard","meta":{"_acf_changed":false,"footnotes":""},"categories":[5],"tags":[4737,1292,6321,52],"class_list":["post-133615","post","type-post","status-publish","format-standard","has-post-thumbnail","hentry","category-apps","tag-apps","tag-finder","tag-mac","tag-software"],"acf":[],"aioseo_notices":[],"subheadline":["Aktuelle Lieblingsapp"],"featured_image":["https:\/\/images.ifun.de\/wp-content\/uploads\/2018\/04\/marta.jpg"],"rest_api_enabler":{"subheadline":"Aktuelle Lieblingsapp","featured_image":"https:\/\/images.ifun.de\/wp-content\/uploads\/2018\/04\/marta.jpg"},"_links":{"self":[{"href":"https:\/\/www.ifun.de\/apiv2\/wp\/v2\/posts\/133615","targetHints":{"allow":["GET"]}}],"collection":[{"href":"https:\/\/www.ifun.de\/apiv2\/wp\/v2\/posts"}],"about":[{"href":"https:\/\/www.ifun.de\/apiv2\/wp\/v2\/types\/post"}],"author":[{"embeddable":true,"href":"https:\/\/www.ifun.de\/apiv2\/wp\/v2\/users\/1"}],"replies":[{"embeddable":true,"href":"https:\/\/www.ifun.de\/apiv2\/wp\/v2\/comments?post=133615"}],"version-history":[{"count":2,"href":"https:\/\/www.ifun.de\/apiv2\/wp\/v2\/posts\/133615\/revisions"}],"predecessor-version":[{"id":133619,"href":"https:\/\/www.ifun.de\/apiv2\/wp\/v2\/posts\/133615\/revisions\/133619"}],"wp:featuredmedia":[{"embeddable":true,"href":"https:\/\/www.ifun.de\/apiv2\/wp\/v2\/media\/133618"}],"wp:attachment":[{"href":"https:\/\/www.ifun.de\/apiv2\/wp\/v2\/media?parent=133615"}],"wp:term":[{"taxonomy":"category","embeddable":true,"href":"https:\/\/www.ifun.de\/apiv2\/wp\/v2\/categories?post=133615"},{"taxonomy":"post_tag","embeddable":true,"href":"https:\/\/www.ifun.de\/apiv2\/wp\/v2\/tags?post=133615"}],"curies":[{"name":"wp","href":"https:\/\/api.w.org\/{rel}","templated":true}]}}