{"id":133566,"date":"2019-02-11T16:51:28","date_gmt":"2019-02-11T15:51:28","guid":{"rendered":"https:\/\/www.ifun.de\/?p=133566"},"modified":"2019-02-11T16:58:36","modified_gmt":"2019-02-11T15:58:36","slug":"neues-ipad-mini-in-altem-design-iphone-weiter-mit-lightning","status":"publish","type":"post","link":"https:\/\/www.ifun.de\/neues-ipad-mini-in-altem-design-iphone-weiter-mit-lightning-133566\/","title":{"rendered":"Neues iPad mini in altem Design, iPhone weiter mit Lightning"},"content":{"rendered":"<p>Die neue Woche sp\u00fclt eine Flut vager Prognosen zu Apples anstehenden Hardware-Neuver\u00f6ffentlichungen ins Netz. <\/p>\n<p>Neben den <a href=\"https:\/\/www.iphone-ticker.de\/neues-airpods-design-soll-bassleistung-verbessern-137270\/\">heute fr\u00fch<\/a> lancierten Ger\u00fcchten zur zweiten Generation der drahtlosen AirPods-Kopfh\u00f6rer &#8211; griffiger, mehr Bass und AirPower &#8211; tauchen auch das noch <a href=\"https:\/\/www.ifun.de\/ipad-und-ipad-mini-apple-bereitet-verkaufsstart-vor-132838\/\">in diesem Fr\u00fchjahr erwartete<\/a>, neue iPad mini und die n\u00e4chste iPhone-Generation im Dunst der brodelnden Ger\u00fcchtek\u00fcche auf. <\/p>\n<p><a href=\"https:\/\/images.ifun.de\/wp-content\/uploads\/2015\/09\/ipad-mini-4-5001.jpg\"><img loading=\"lazy\" decoding=\"async\" src=\"https:\/\/images.ifun.de\/wp-content\/uploads\/2015\/09\/ipad-mini-4-5001.jpg\" alt=\"\" width=\"500\" height=\"407\" class=\"aligncenter size-full wp-image-81755\" srcset=\"https:\/\/images.ifun.de\/wp-content\/uploads\/2015\/09\/ipad-mini-4-5001.jpg 500w, https:\/\/images.ifun.de\/wp-content\/uploads\/2015\/09\/ipad-mini-4-5001-300x244.jpg 300w\" sizes=\"auto, (max-width: 500px) 100vw, 500px\" \/><\/a><\/p>\n<p>So <a href=\"http:\/\/www.macotakara.jp\/blog\/rumor\/entry-36839.html\">behauptet<\/a> die japanische Apple-Webseite Macotakara, dass sich das Hardware-Design des iPad mini 5 weiterhin am Vorg\u00e4ngermodell orientieren wird. Eine optischer Neustart, wie zuletzt vom iPad pro hingelegt, sei vom kleinsten Vertreter der Table-Familie nicht zu erwarten. <\/p>\n<p>Auch der Fingerabdruck-Scaner Touch ID, die Lightning-Buche und ein konventioneller Kopfh\u00f6rer-Anschluss sollen weiter verbaut werden und <a href=\"https:\/\/www.ifun.de\/ipad-mini-online-fotos-zeigen-unbekanntes-modell-132059\/\">keine gro\u00dfen Design-\u00c4nderungen<\/a> zulassen. Im Inneren des neuen iPad mini soll sich entweder der im iPhone 7 verbaute A10 oder der in den iPad Pro-Modellen 2017 verbaute, leicht erweitert A10X Fusion um eine schnelle Performance k\u00fcmmern. <\/p>\n<h2>iPhone weiter mit Lightning<\/h2>\n<p>Zudem wollen die Japaner <a href=\"http:\/\/www.macotakara.jp\/blog\/rumor\/entry-36840.html\">erfahren haben<\/a>, dass auch die diesj\u00e4hrige iPhone-Familie weiter auf eine integrierte Lightning-Buchse setzen wird und den Sprung zu USB-C, wenn \u00fcberhaupt, erst in den folgenden Jahren in Angriff nehmen wird. <\/p>\n<p><a href=\"https:\/\/images.ifun.de\/wp-content\/uploads\/2019\/02\/lightning-ohrhoerer-apple.jpg\"><img loading=\"lazy\" decoding=\"async\" src=\"https:\/\/images.ifun.de\/wp-content\/uploads\/2019\/02\/lightning-ohrhoerer-apple-700x276.jpg\" alt=\"Lightning Ohrhoerer Apple\" width=\"700\" height=\"276\" class=\"aligncenter size-large wp-image-133567\" srcset=\"https:\/\/images.ifun.de\/wp-content\/uploads\/2019\/02\/lightning-ohrhoerer-apple-700x276.jpg 700w, https:\/\/images.ifun.de\/wp-content\/uploads\/2019\/02\/lightning-ohrhoerer-apple-500x197.jpg 500w, https:\/\/images.ifun.de\/wp-content\/uploads\/2019\/02\/lightning-ohrhoerer-apple-768x302.jpg 768w, https:\/\/images.ifun.de\/wp-content\/uploads\/2019\/02\/lightning-ohrhoerer-apple.jpg 960w\" sizes=\"auto, (max-width: 700px) 100vw, 700px\" \/><\/a><\/p>\n<p>Vor allem um die Kosten gering zu halten wird Apple vorerst weiter auf Lightning-Kabel, ein schwaches 5W-Netzteil und EarPods mit Lightning-Strippe im Lieferumfang setzen. <\/p>\n<p>W\u00e4hrend die Treffsicherheit der iPhone-Prognosen erst im Herbst gepr\u00fcft werden kann, sollen die neuen iPad-Modelle noch im ersten Halbjahr 2019 <a href=\"https:\/\/www.digitimes.com\/news\/a20190130PD211.html\">pr\u00e4sentiert werden<\/a>. <\/p>\n","protected":false},"excerpt":{"rendered":"<a href=\"https:\/\/www.ifun.de\/neues-ipad-mini-in-altem-design-iphone-weiter-mit-lightning-133566\/\"><img width=\"150\" height=\"150\" src=\"https:\/\/images.ifun.de\/wp-content\/uploads\/2019\/02\/lightning-ohrhoerer-apple-150x150.jpg\" class=\"alignright tfe wp-post-image\" alt=\"Lightning Ohrhoerer Apple\" decoding=\"async\" loading=\"lazy\" \/><\/a><p>Die neue Woche sp\u00fclt eine Flut vager Prognosen zu Apples anstehenden Hardware-Neuver\u00f6ffentlichungen ins Netz. Neben den heute fr\u00fch lancierten Ger\u00fcchten zur zweiten Generation der drahtlosen AirPods-Kopfh\u00f6rer &#8211; griffiger, mehr Bass und AirPower &#8211; tauchen auch das noch in diesem Fr\u00fchjahr erwartete, neue iPad mini und die n\u00e4chste iPhone-Generation im Dunst der brodelnden Ger\u00fcchtek\u00fcche auf. So [&hellip;]<\/p>\n","protected":false},"author":1,"featured_media":133567,"comment_status":"open","ping_status":"closed","sticky":false,"template":"","format":"standard","meta":{"_acf_changed":false,"footnotes":""},"categories":[3],"tags":[4736,3910,1335,4741,1446,6322],"class_list":["post-133566","post","type-post","status-publish","format-standard","has-post-thumbnail","hentry","category-apple","tag-apple","tag-geruechte","tag-ipad-mini","tag-iphone","tag-lightning","tag-rumors"],"acf":[],"aioseo_notices":[],"featured_image":["https:\/\/images.ifun.de\/wp-content\/uploads\/2019\/02\/ipad-mini-surfacepad.jpg"],"subheadline":["Apple nimmt den Fu\u00df vom Gas"],"rest_api_enabler":{"featured_image":"https:\/\/images.ifun.de\/wp-content\/uploads\/2019\/02\/ipad-mini-surfacepad.jpg","subheadline":"Apple nimmt den Fu\u00df vom Gas"},"_links":{"self":[{"href":"https:\/\/www.ifun.de\/apiv2\/wp\/v2\/posts\/133566","targetHints":{"allow":["GET"]}}],"collection":[{"href":"https:\/\/www.ifun.de\/apiv2\/wp\/v2\/posts"}],"about":[{"href":"https:\/\/www.ifun.de\/apiv2\/wp\/v2\/types\/post"}],"author":[{"embeddable":true,"href":"https:\/\/www.ifun.de\/apiv2\/wp\/v2\/users\/1"}],"replies":[{"embeddable":true,"href":"https:\/\/www.ifun.de\/apiv2\/wp\/v2\/comments?post=133566"}],"version-history":[{"count":3,"href":"https:\/\/www.ifun.de\/apiv2\/wp\/v2\/posts\/133566\/revisions"}],"predecessor-version":[{"id":133571,"href":"https:\/\/www.ifun.de\/apiv2\/wp\/v2\/posts\/133566\/revisions\/133571"}],"wp:featuredmedia":[{"embeddable":true,"href":"https:\/\/www.ifun.de\/apiv2\/wp\/v2\/media\/133567"}],"wp:attachment":[{"href":"https:\/\/www.ifun.de\/apiv2\/wp\/v2\/media?parent=133566"}],"wp:term":[{"taxonomy":"category","embeddable":true,"href":"https:\/\/www.ifun.de\/apiv2\/wp\/v2\/categories?post=133566"},{"taxonomy":"post_tag","embeddable":true,"href":"https:\/\/www.ifun.de\/apiv2\/wp\/v2\/tags?post=133566"}],"curies":[{"name":"wp","href":"https:\/\/api.w.org\/{rel}","templated":true}]}}