{"id":133354,"date":"2019-02-06T08:40:03","date_gmt":"2019-02-06T07:40:03","guid":{"rendered":"https:\/\/www.ifun.de\/?p=133354"},"modified":"2019-02-06T09:15:07","modified_gmt":"2019-02-06T08:15:07","slug":"vlc-media-player-version-4-0-bringt-neue-benutzeroberflaeche","status":"publish","type":"post","link":"https:\/\/www.ifun.de\/vlc-media-player-version-4-0-bringt-neue-benutzeroberflaeche-133354\/","title":{"rendered":"VLC Media Player: Version 4.0 bringt neue Benutzeroberfl\u00e4che"},"content":{"rendered":"<p>Die Popularit\u00e4t neuer Konkurrenz-Entwicklungen, wie etwa die des freien Medien-Players <a href=\"https:\/\/www.ifun.de\/mac-videoplayer-iina-in-version-1-0-verfuegbar-131775\/\">IINA<\/a>, scheint nicht spurlos an den Machern des unangefochtenen Platzhirschen VLC vorbeigegangen zu sein. <\/p>\n<p><a href=\"https:\/\/images.ifun.de\/wp-content\/uploads\/2019\/02\/vlc-mediathek.jpg\"><img loading=\"lazy\" decoding=\"async\" src=\"https:\/\/images.ifun.de\/wp-content\/uploads\/2019\/02\/vlc-mediathek-500x386.jpg\" alt=\"Vlc Mediathek\" width=\"500\" height=\"386\" class=\"aligncenter size-medium wp-image-133355\" srcset=\"https:\/\/images.ifun.de\/wp-content\/uploads\/2019\/02\/vlc-mediathek-500x386.jpg 500w, https:\/\/images.ifun.de\/wp-content\/uploads\/2019\/02\/vlc-mediathek-768x593.jpg 768w, https:\/\/images.ifun.de\/wp-content\/uploads\/2019\/02\/vlc-mediathek-700x540.jpg 700w, https:\/\/images.ifun.de\/wp-content\/uploads\/2019\/02\/vlc-mediathek.jpg 1000w\" sizes=\"auto, (max-width: 500px) 100vw, 500px\" \/><\/a><\/p>\n<p>So hat das VLC-Team nun angek\u00fcndigt, die bevorstehende Version 4 des Medienplayers mit einer neuen Benutzeroberfl\u00e4che ausstatten zu wollen. Die Design-Anpassungen, dies geht aus einem knapp halbst\u00fcndigen Vortrag des Chef-Entwicklers Jean-Baptiste Kempf hervor, machen jedoch nur einen kleinen Teil der angestrebten Neuerungen aus. <\/p>\n<p>So soll etwa die bislang nur unter Android verf\u00fcgbare Medien-Bibliothek auch auf dem Desktop und unter iOS Einzug halten, zudem will man sich auf die Integration einer umfangreichen Abspiel-Unterst\u00fctzung f\u00fcr VR- und 3D-Videos k\u00fcmmern. <\/p>\n<p><a href=\"https:\/\/images.ifun.de\/wp-content\/uploads\/2019\/02\/vlc-ios.jpg\"><img loading=\"lazy\" decoding=\"async\" src=\"https:\/\/images.ifun.de\/wp-content\/uploads\/2019\/02\/vlc-ios-700x441.jpg\" alt=\"Vlc Ios\" width=\"700\" height=\"441\" class=\"aligncenter size-large wp-image-133356\" srcset=\"https:\/\/images.ifun.de\/wp-content\/uploads\/2019\/02\/vlc-ios-700x441.jpg 700w, https:\/\/images.ifun.de\/wp-content\/uploads\/2019\/02\/vlc-ios-500x315.jpg 500w, https:\/\/images.ifun.de\/wp-content\/uploads\/2019\/02\/vlc-ios-768x484.jpg 768w, https:\/\/images.ifun.de\/wp-content\/uploads\/2019\/02\/vlc-ios.jpg 1500w\" sizes=\"auto, (max-width: 700px) 100vw, 700px\" \/><\/a><\/p>\n<p>Mac-Nutzer, die VLC 4.0 einsetzen wollen (erste Testversionen k\u00f6nnen bereits <a href=\"https:\/\/nightlies.videolan.org\/build\/macosx-intel\/\">geladen werden<\/a>) m\u00fcssen fortan mindestens macOS 10.10 einsetzen. Version 3 des Videoplayers l\u00e4sst sich hingegen noch unter macOS 10.7 installieren. <\/p>\n<p>Wir haben euch den Vortrag (<a href=\"https:\/\/fosdem.org\/2019\/schedule\/event\/media_vlc\/attachments\/slides\/3355\/export\/events\/attachments\/media_vlc\/slides\/3355\/VLC_40_Slides.pdf\">Folien als PDF<\/a>), der im Rahmen der <a href=\"https:\/\/fosdem.org\/2019\/schedule\/event\/media_vlc\/\">Fosdem 2019<\/a> gehalten wurde, im Anschluss eingebettet. <\/p>\n<p><div class=\"responsive-video\"><iframe loading=\"lazy\" width=\"700\" height=\"371\" src=\"https:\/\/www.youtube-nocookie.com\/embed\/IlrnHdp2nL4\" frameborder=\"0\" allowfullscreen><\/iframe><\/div><\/p>\n","protected":false},"excerpt":{"rendered":"<a href=\"https:\/\/www.ifun.de\/vlc-media-player-version-4-0-bringt-neue-benutzeroberflaeche-133354\/\"><img width=\"150\" height=\"150\" src=\"https:\/\/images.ifun.de\/wp-content\/uploads\/2019\/02\/vlc-ios-150x150.jpg\" class=\"alignright tfe wp-post-image\" alt=\"Vlc Ios\" decoding=\"async\" loading=\"lazy\" \/><\/a><p>Die Popularit\u00e4t neuer Konkurrenz-Entwicklungen, wie etwa die des freien Medien-Players IINA, scheint nicht spurlos an den Machern des unangefochtenen Platzhirschen VLC vorbeigegangen zu sein. So hat das VLC-Team nun angek\u00fcndigt, die bevorstehende Version 4 des Medienplayers mit einer neuen Benutzeroberfl\u00e4che ausstatten zu wollen. Die Design-Anpassungen, dies geht aus einem knapp halbst\u00fcndigen Vortrag des Chef-Entwicklers Jean-Baptiste [&hellip;]<\/p>\n","protected":false},"author":1,"featured_media":133356,"comment_status":"open","ping_status":"closed","sticky":false,"template":"","format":"standard","meta":{"_acf_changed":false,"footnotes":""},"categories":[20],"tags":[4737,4738,31,1286],"class_list":["post-133354","post","type-post","status-publish","format-standard","has-post-thumbnail","hentry","category-videos","tag-apps","tag-entwickler","tag-video","tag-vlc"],"acf":[],"aioseo_notices":[],"featured_image":["https:\/\/images.ifun.de\/wp-content\/uploads\/2016\/02\/vlc-update-header.jpg"],"subheadline":["Roadmap vorgelegt"],"rest_api_enabler":{"featured_image":"https:\/\/images.ifun.de\/wp-content\/uploads\/2016\/02\/vlc-update-header.jpg","subheadline":"Roadmap vorgelegt"},"_links":{"self":[{"href":"https:\/\/www.ifun.de\/apiv2\/wp\/v2\/posts\/133354","targetHints":{"allow":["GET"]}}],"collection":[{"href":"https:\/\/www.ifun.de\/apiv2\/wp\/v2\/posts"}],"about":[{"href":"https:\/\/www.ifun.de\/apiv2\/wp\/v2\/types\/post"}],"author":[{"embeddable":true,"href":"https:\/\/www.ifun.de\/apiv2\/wp\/v2\/users\/1"}],"replies":[{"embeddable":true,"href":"https:\/\/www.ifun.de\/apiv2\/wp\/v2\/comments?post=133354"}],"version-history":[{"count":3,"href":"https:\/\/www.ifun.de\/apiv2\/wp\/v2\/posts\/133354\/revisions"}],"predecessor-version":[{"id":133359,"href":"https:\/\/www.ifun.de\/apiv2\/wp\/v2\/posts\/133354\/revisions\/133359"}],"wp:featuredmedia":[{"embeddable":true,"href":"https:\/\/www.ifun.de\/apiv2\/wp\/v2\/media\/133356"}],"wp:attachment":[{"href":"https:\/\/www.ifun.de\/apiv2\/wp\/v2\/media?parent=133354"}],"wp:term":[{"taxonomy":"category","embeddable":true,"href":"https:\/\/www.ifun.de\/apiv2\/wp\/v2\/categories?post=133354"},{"taxonomy":"post_tag","embeddable":true,"href":"https:\/\/www.ifun.de\/apiv2\/wp\/v2\/tags?post=133354"}],"curies":[{"name":"wp","href":"https:\/\/api.w.org\/{rel}","templated":true}]}}