{"id":133189,"date":"2019-02-02T10:48:57","date_gmt":"2019-02-02T09:48:57","guid":{"rendered":"https:\/\/www.ifun.de\/?p=133189"},"modified":"2019-02-02T10:51:25","modified_gmt":"2019-02-02T09:51:25","slug":"macbook-pro-flexgate-video-erklaert-display-schwachstelle","status":"publish","type":"post","link":"https:\/\/www.ifun.de\/macbook-pro-flexgate-video-erklaert-display-schwachstelle-133189\/","title":{"rendered":"MacBook Pro Flexgate: Video erkl\u00e4rt Display-Schwachstelle"},"content":{"rendered":"<p><a href=\"https:\/\/www.ifun.de\/?p=132648\">Eine gute Woche<\/a> nachdem der Reparatur-Dienstleister iFixit das Hashtag <a href=\"https:\/\/ifixit.org\/blog\/12903\/flexgate\/\">#flexgate<\/a> einf\u00fchrte und mit der neuen Wortsch\u00f6pfung auf ein Fehlerbild aufmerksam machte, das bei dem seit 2016 gefertigten MacBook Pro inzwischen vermehrt auftreten soll, haben die Service-Experten ein Video zum Thema nachlegt. <\/p>\n<p><a href=\"https:\/\/images.ifun.de\/wp-content\/uploads\/2019\/01\/flexgate-macbook.jpg\"><img loading=\"lazy\" decoding=\"async\" src=\"https:\/\/images.ifun.de\/wp-content\/uploads\/2019\/01\/flexgate-macbook-500x334.jpg\" alt=\"Flexgate Macbook\" width=\"500\" height=\"334\" class=\"aligncenter size-medium wp-image-132650\" srcset=\"https:\/\/images.ifun.de\/wp-content\/uploads\/2019\/01\/flexgate-macbook-500x334.jpg 500w, https:\/\/images.ifun.de\/wp-content\/uploads\/2019\/01\/flexgate-macbook-768x512.jpg 768w, https:\/\/images.ifun.de\/wp-content\/uploads\/2019\/01\/flexgate-macbook-700x467.jpg 700w, https:\/\/images.ifun.de\/wp-content\/uploads\/2019\/01\/flexgate-macbook.jpg 1000w\" sizes=\"auto, (max-width: 500px) 100vw, 500px\" \/><\/a><\/p>\n<p>Der <a href=\"https:\/\/www.youtube.com\/watch?v=iLALpD004Gk&#038;app=desktop\">Drei-Minuten-Clip<\/a> erkl\u00e4rt den Designfehler hinter dem sogenannten B\u00fchnenlichteffekt des MacBook Pro und wirft Apple vor, Berichte von betroffenen Anwendern aus dem hauseigenen Support-Forum gel\u00f6scht zu haben. <\/p>\n<p>Grob zusammengefasst, geht es um die Flachbandkabel, die Apple zur Verbindung von Retina-Display und Display-Controller nutzt. Diese scheinen in der aktuellen MacBook Pro-Generation etwas zu kurz bemessen worden zu sein und versagen unter kontinuierlichen Alltagsbelastungen (also dem regelm\u00e4\u00dfigen \u00d6ffnen und Schlie\u00dfen des MacBook-Bildschirms) irgendwann ihren Dienst.<\/p>\n<p>Wie iFixit bereits in der ersten Bestandsaufnahme berichtete, f\u00fchren Haarrisse zu einer Display-Beleuchtung die beim \u00d6ffnen des MacBook-Deckels zu flackern anf\u00e4ngt und ausgeht, sobald dieser \u00fcber 40\u00b0 ge\u00f6ffnet wurde.<\/p>\n<p><div class=\"responsive-video\"><iframe loading=\"lazy\" width=\"700\" height=\"371\" src=\"https:\/\/www.youtube-nocookie.com\/embed\/iLALpD004Gk\" frameborder=\"0\" allowfullscreen><\/iframe><\/div><\/p>\n<h2>Petition mit \u00fcber 10.000 Unterzeichnern<\/h2>\n<p>Mittlerweile gibt es eine Petition, die Apple um ein mit <a href=\"https:\/\/www.ifun.de\/macbook-repararaturprogramm-apples-4-jahresfrist-stoesst-auf-kritik-123838\/\">dem Tastatur-Austausch<\/a> vergleichbares Reparaturprogramm bittet. Diese kann hier eingesehen und unterschrieben werden: <\/p>\n<ul>\n<li><a href=\"https:\/\/www.change.org\/p\/apple-fix-all-macbook-pro-2016-and-later-with-stage-light-effect-or-backlight-shutdown-flexgate\">Flexgate-Petition<\/a>: Fix all MacBook Pro 2016 and later with stage light effect<\/li>\n<\/ul>\n<p>Warum Apple nicht die deutlich widerstandsf\u00e4higeren &#8222;<a href=\"https:\/\/d3nevzfk7ii3be.cloudfront.net\/igi\/1KiUEv2rnSL3NHe1\">wire cables<\/a>&#8220; verbaut hat, versteht auch der auf Mac-Reparaturen spezialisierte Louis Rossmann nicht, der sich dem Problem bereits in <a href=\"https:\/\/www.youtube.com\/watch?v=NzjoELvrkYo\">diesem YouTube-Video<\/a> vom 11. Januar angenommen hat. <\/p>\n","protected":false},"excerpt":{"rendered":"<a href=\"https:\/\/www.ifun.de\/macbook-pro-flexgate-video-erklaert-display-schwachstelle-133189\/\"><img decoding=\"async\" width=\"150\" src=\"https:\/\/images.ifun.de\/wp-content\/uploads\/2019\/01\/flexgate-macbook-500x334.jpg\" class=\"alignright wp-post-image tfe\" alt=\"Flexgate Macbook\" title=\"\" \/><\/a><p>Eine gute Woche nachdem der Reparatur-Dienstleister iFixit das Hashtag #flexgate einf\u00fchrte und mit der neuen Wortsch\u00f6pfung auf ein Fehlerbild aufmerksam machte, das bei dem seit 2016 gefertigten MacBook Pro inzwischen vermehrt auftreten soll, haben die Service-Experten ein Video zum Thema nachlegt. Der Drei-Minuten-Clip erkl\u00e4rt den Designfehler hinter dem sogenannten B\u00fchnenlichteffekt des MacBook Pro und wirft [&hellip;]<\/p>\n","protected":false},"author":1,"featured_media":0,"comment_status":"open","ping_status":"closed","sticky":false,"template":"","format":"standard","meta":{"_acf_changed":false,"footnotes":""},"categories":[3],"tags":[4736,1476,4417,373,144,224,765],"class_list":["post-133189","post","type-post","status-publish","format-standard","hentry","category-apple","tag-apple","tag-display","tag-flexgate","tag-kritik","tag-macbook","tag-macbook-pro","tag-monitor"],"acf":[],"aioseo_notices":[],"subheadline":["Apple l\u00f6schte Foren-Eintr\u00e4ge"],"featured_image":["https:\/\/images.ifun.de\/wp-content\/uploads\/2019\/01\/flexgate-kabel.jpg"],"rest_api_enabler":{"subheadline":"Apple l\u00f6schte Foren-Eintr\u00e4ge","featured_image":"https:\/\/images.ifun.de\/wp-content\/uploads\/2019\/01\/flexgate-kabel.jpg"},"_links":{"self":[{"href":"https:\/\/www.ifun.de\/apiv2\/wp\/v2\/posts\/133189","targetHints":{"allow":["GET"]}}],"collection":[{"href":"https:\/\/www.ifun.de\/apiv2\/wp\/v2\/posts"}],"about":[{"href":"https:\/\/www.ifun.de\/apiv2\/wp\/v2\/types\/post"}],"author":[{"embeddable":true,"href":"https:\/\/www.ifun.de\/apiv2\/wp\/v2\/users\/1"}],"replies":[{"embeddable":true,"href":"https:\/\/www.ifun.de\/apiv2\/wp\/v2\/comments?post=133189"}],"version-history":[{"count":2,"href":"https:\/\/www.ifun.de\/apiv2\/wp\/v2\/posts\/133189\/revisions"}],"predecessor-version":[{"id":133192,"href":"https:\/\/www.ifun.de\/apiv2\/wp\/v2\/posts\/133189\/revisions\/133192"}],"wp:attachment":[{"href":"https:\/\/www.ifun.de\/apiv2\/wp\/v2\/media?parent=133189"}],"wp:term":[{"taxonomy":"category","embeddable":true,"href":"https:\/\/www.ifun.de\/apiv2\/wp\/v2\/categories?post=133189"},{"taxonomy":"post_tag","embeddable":true,"href":"https:\/\/www.ifun.de\/apiv2\/wp\/v2\/tags?post=133189"}],"curies":[{"name":"wp","href":"https:\/\/api.w.org\/{rel}","templated":true}]}}