{"id":133100,"date":"2019-01-31T18:28:47","date_gmt":"2019-01-31T17:28:47","guid":{"rendered":"https:\/\/www.ifun.de\/?p=133100"},"modified":"2019-01-31T21:15:57","modified_gmt":"2019-01-31T20:15:57","slug":"facebook-verzahnung-von-messenger-whatsapp-und-instagramm-fruehestens-2020","status":"publish","type":"post","link":"https:\/\/www.ifun.de\/facebook-verzahnung-von-messenger-whatsapp-und-instagramm-fruehestens-2020-133100\/","title":{"rendered":"Facebook: Verzahnung von Messenger, WhatsApp und Instagram fr\u00fchestens 2020"},"content":{"rendered":"<p>Mark Zuckerberg hat die Ger\u00fcchte um eine Zusammenlegung der hauseigenen Chat-Anwendungen nun indirekt best\u00e4tigt. Vor Investoren sprach der Facebook-Chef davon, dass man damit allerdings noch ganz am Anfang stehe und <a href=\"https:\/\/www.theverge.com\/2019\/1\/30\/18204393\/facebook-combined-messaging-system-instagram-whatsapp-messenger-2020-mark-zuckerberg\">vor 2020 keine Ergebnisse<\/a> zu erwarten seien.<\/p>\n<p><a href=\"https:\/\/images.ifun.de\/wp-content\/uploads\/2019\/01\/marc-zuckerberg-facebook.jpg\"><img loading=\"lazy\" decoding=\"async\" src=\"https:\/\/images.ifun.de\/wp-content\/uploads\/2019\/01\/marc-zuckerberg-facebook-500x252.jpg\" alt=\"Marc Zuckerberg Facebook\" width=\"500\" height=\"252\" class=\"alignnone size-medium wp-image-132278\" \/><\/a><\/p>\n<p>Wenngleich Zuckerberg keine Details nennt, sondern lediglich von \u201eeiner Integration, \u00fcber die man nachdenke\u201c spricht, steht wenigstens nicht zu bef\u00fcrchten, dass Facebook die drei Anwendungen zu einer einzelnen verschmelzen will. Die Pl\u00e4ne sehen Ger\u00fcchten zufolge vor, die Apps k\u00fcnftig auf einer gemeinsamen Plattform basieren zu lassen. Datensch\u00fctzern str\u00e4uben sich bei dem Gedanken daran dennoch die Nackenhaare. Facebook will wohl die Datenpools der Apps eng miteinander verzahnen.<\/p>\n<p><h5>\u00c4hnliches Erlebnis wie iMessage<\/h5>\n<p>Zuckerberg spricht dagegen von Sicherheits\u00fcberlegungen und verbessertem Nutzerkomfort. Wie das Online-Magazin <a href=\"https:\/\/www.theverge.com\/2019\/1\/30\/18204393\/facebook-combined-messaging-system-instagram-whatsapp-messenger-2020-mark-zuckerberg\">The Verge<\/a> berichtet, hat sich der Facebook-Chef daf\u00fcr ausgesprochen, f\u00fcr weitere hauseigene Angebote Ende-zu-Ende-Verschl\u00fcsselung anzubieten. Zudem schwebe ihm vor, dass die Kombination aus Messenger, WhatsApp und Instagram \u00e4hnlich wie iMessage einen SMS-Ersatz darstellen k\u00f6nnte, allerdings vielseitiger und sicherer.<\/p>\n<p>Nicht nur in Deutschland sieht man die Pl\u00e4ne Zuckerbergs sehr kritisch. Sein Unternehmen hat sich mittlerweile einen desastr\u00f6sen Ruf in Sachen Datenschutz erarbeitet, Facebook macht immer wieder im Zusammenhang mit Verfahren wegen Versto\u00dfes gegen den Datenschutz Schlagzeilen..<\/p>\n","protected":false},"excerpt":{"rendered":"<a href=\"https:\/\/www.ifun.de\/facebook-verzahnung-von-messenger-whatsapp-und-instagramm-fruehestens-2020-133100\/\"><img decoding=\"async\" width=\"150\" src=\"https:\/\/images.ifun.de\/wp-content\/uploads\/2019\/01\/marc-zuckerberg-facebook-500x252.jpg\" class=\"alignright wp-post-image tfe\" alt=\"Marc Zuckerberg Facebook\" title=\"\" \/><\/a><p>Mark Zuckerberg hat die Ger\u00fcchte um eine Zusammenlegung der hauseigenen Chat-Anwendungen nun indirekt best\u00e4tigt. Vor Investoren sprach der Facebook-Chef davon, dass man damit allerdings noch ganz am Anfang stehe und vor 2020 keine Ergebnisse zu erwarten seien. Wenngleich Zuckerberg keine Details nennt, sondern lediglich von \u201eeiner Integration, \u00fcber die man nachdenke\u201c spricht, steht wenigstens nicht [&hellip;]<\/p>\n","protected":false},"author":2,"featured_media":0,"comment_status":"open","ping_status":"closed","sticky":false,"template":"","format":"standard","meta":{"_acf_changed":false,"footnotes":""},"categories":[5],"tags":[990,234],"class_list":["post-133100","post","type-post","status-publish","format-standard","hentry","category-apps","tag-datenschutz","tag-facebook"],"acf":[],"aioseo_notices":[],"subheadline":["Umstrittenes Vorhaben"],"featured_image":["https:\/\/images.ifun.de\/wp-content\/uploads\/2018\/10\/facebook-firmenzentrale.jpg"],"rest_api_enabler":{"subheadline":"Umstrittenes Vorhaben","featured_image":"https:\/\/images.ifun.de\/wp-content\/uploads\/2018\/10\/facebook-firmenzentrale.jpg"},"_links":{"self":[{"href":"https:\/\/www.ifun.de\/apiv2\/wp\/v2\/posts\/133100","targetHints":{"allow":["GET"]}}],"collection":[{"href":"https:\/\/www.ifun.de\/apiv2\/wp\/v2\/posts"}],"about":[{"href":"https:\/\/www.ifun.de\/apiv2\/wp\/v2\/types\/post"}],"author":[{"embeddable":true,"href":"https:\/\/www.ifun.de\/apiv2\/wp\/v2\/users\/2"}],"replies":[{"embeddable":true,"href":"https:\/\/www.ifun.de\/apiv2\/wp\/v2\/comments?post=133100"}],"version-history":[{"count":13,"href":"https:\/\/www.ifun.de\/apiv2\/wp\/v2\/posts\/133100\/revisions"}],"predecessor-version":[{"id":133133,"href":"https:\/\/www.ifun.de\/apiv2\/wp\/v2\/posts\/133100\/revisions\/133133"}],"wp:attachment":[{"href":"https:\/\/www.ifun.de\/apiv2\/wp\/v2\/media?parent=133100"}],"wp:term":[{"taxonomy":"category","embeddable":true,"href":"https:\/\/www.ifun.de\/apiv2\/wp\/v2\/categories?post=133100"},{"taxonomy":"post_tag","embeddable":true,"href":"https:\/\/www.ifun.de\/apiv2\/wp\/v2\/tags?post=133100"}],"curies":[{"name":"wp","href":"https:\/\/api.w.org\/{rel}","templated":true}]}}