{"id":132567,"date":"2019-01-21T10:59:26","date_gmt":"2019-01-21T09:59:26","guid":{"rendered":"https:\/\/www.ifun.de\/?p=132567"},"modified":"2019-01-21T11:04:04","modified_gmt":"2019-01-21T10:04:04","slug":"ipad-pro-neue-apple-videos-unterstreichen-profi-anspruch","status":"publish","type":"post","link":"https:\/\/www.ifun.de\/ipad-pro-neue-apple-videos-unterstreichen-profi-anspruch-132567\/","title":{"rendered":"iPad Pro: Neue Apple-Videos unterstreichen Profi-Anspruch"},"content":{"rendered":"<p>Zum Wochenende hat Apples Marketing-Abteilung mehrere neue Videos auf dem offiziellen YouTube-Kanal des Unternehmens ver\u00f6ffentlicht, die den professionellen Einsatz des iPad Pro ins Rampenlicht r\u00fccken sollen.<\/p>\n<p><a href=\"https:\/\/images.ifun.de\/wp-content\/uploads\/2019\/01\/made-with-ipad-pro.jpg\"><img loading=\"lazy\" decoding=\"async\" class=\"aligncenter size-medium wp-image-132569\" src=\"https:\/\/images.ifun.de\/wp-content\/uploads\/2019\/01\/made-with-ipad-pro-500x240.jpg\" alt=\"Made With Ipad Pro\" width=\"500\" height=\"240\" srcset=\"https:\/\/images.ifun.de\/wp-content\/uploads\/2019\/01\/made-with-ipad-pro-500x240.jpg 500w, https:\/\/images.ifun.de\/wp-content\/uploads\/2019\/01\/made-with-ipad-pro-768x369.jpg 768w, https:\/\/images.ifun.de\/wp-content\/uploads\/2019\/01\/made-with-ipad-pro-700x337.jpg 700w, https:\/\/images.ifun.de\/wp-content\/uploads\/2019\/01\/made-with-ipad-pro.jpg 1144w\" sizes=\"auto, (max-width: 500px) 100vw, 500px\" \/><\/a><\/p>\n<p>Die f\u00fcnf kurzen Clips &#8211; die Laufzeiten liegen jeweils bei etwas \u00fcber 60 Sekunden &#8211; greifen den Narrativ der noch immer merkw\u00fcrdig scrollenden <a href=\"https:\/\/www.apple.com\/ipad-pro\/\">iPad Pro-Sonderseite<\/a> auf und positionieren das Apple Tablet als funktionsreiche Alternative zu iMac, MacBook und PC mit dessen Hilfe sich Podcasts erstellen, Pr\u00e4sentationen vorbereiten und der Weg hin zur papierlosen B\u00fcro-Zukunft einschlagen l\u00e4sst.<\/p>\n<p>Wer genau hinschaut bemerkt einen Sch\u00f6nheitsfehler: In den Videos kommen auch Apps zum Einsatz, die noch nicht an die Displays der neuen Ger\u00e4te angepasst wurden. Etwa Microsofts Word-Applikation im Clip &#8222;A new way to go paperless&#8220;.<\/p>\n<h2>A new way to host your own podcast<\/h2>\n<p><div class=\"responsive-video\"><iframe loading=\"lazy\" src=\"https:\/\/www.youtube-nocookie.com\/embed\/lStdWKDZuWI\" width=\"700\" height=\"371\" frameborder=\"0\" allowfullscreen=\"allowfullscreen\"><\/iframe><\/div><\/p>\n<h2>A new way to create a presentation<\/h2>\n<p><div class=\"responsive-video\"><iframe loading=\"lazy\" src=\"https:\/\/www.youtube-nocookie.com\/embed\/I8YEjI81NjA\" width=\"700\" height=\"371\" frameborder=\"0\" allowfullscreen=\"allowfullscreen\"><\/iframe><\/div><\/p>\n<h2>A new way to go paperless<\/h2>\n<p><div class=\"responsive-video\"><iframe loading=\"lazy\" src=\"https:\/\/www.youtube-nocookie.com\/embed\/Moq2SyuljnA\" width=\"700\" height=\"371\" frameborder=\"0\" allowfullscreen=\"allowfullscreen\"><\/iframe><\/div><\/p>\n<h2>A new way to design your space<\/h2>\n<p><div class=\"responsive-video\"><iframe loading=\"lazy\" src=\"https:\/\/www.youtube-nocookie.com\/embed\/nuhRD8kIRxY\" width=\"700\" height=\"371\" frameborder=\"0\" allowfullscreen=\"allowfullscreen\"><\/iframe><\/div><\/p>\n<h2>A new way to take notes<\/h2>\n<p><div class=\"responsive-video\"><iframe loading=\"lazy\" src=\"https:\/\/www.youtube-nocookie.com\/embed\/TlLMR5ucxhw\" width=\"700\" height=\"371\" frameborder=\"0\" allowfullscreen=\"allowfullscreen\"><\/iframe><\/div><\/p>\n","protected":false},"excerpt":{"rendered":"<a href=\"https:\/\/www.ifun.de\/ipad-pro-neue-apple-videos-unterstreichen-profi-anspruch-132567\/\"><img width=\"150\" height=\"150\" src=\"https:\/\/images.ifun.de\/wp-content\/uploads\/2019\/01\/made-with-ipad-pro-150x150.jpg\" class=\"alignright tfe wp-post-image\" alt=\"Made With Ipad Pro\" decoding=\"async\" loading=\"lazy\" \/><\/a><p>Zum Wochenende hat Apples Marketing-Abteilung mehrere neue Videos auf dem offiziellen YouTube-Kanal des Unternehmens ver\u00f6ffentlicht, die den professionellen Einsatz des iPad Pro ins Rampenlicht r\u00fccken sollen. Die f\u00fcnf kurzen Clips &#8211; die Laufzeiten liegen jeweils bei etwas \u00fcber 60 Sekunden &#8211; greifen den Narrativ der noch immer merkw\u00fcrdig scrollenden iPad Pro-Sonderseite auf und positionieren das [&hellip;]<\/p>\n","protected":false},"author":1,"featured_media":132569,"comment_status":"open","ping_status":"closed","sticky":false,"template":"","format":"standard","meta":{"_acf_changed":false,"footnotes":""},"categories":[10],"tags":[4740,2486,31,30],"class_list":["post-132567","post","type-post","status-publish","format-standard","has-post-thumbnail","hentry","category-ipad","tag-ipad","tag-ipad-pro","tag-video","tag-werbung"],"acf":[],"aioseo_notices":[],"subheadline":["\"made with iPad Pro\""],"featured_image":["https:\/\/images.ifun.de\/wp-content\/uploads\/2019\/01\/ipad-pro-video.jpg"],"rest_api_enabler":{"subheadline":"\"made with iPad Pro\"","featured_image":"https:\/\/images.ifun.de\/wp-content\/uploads\/2019\/01\/ipad-pro-video.jpg"},"_links":{"self":[{"href":"https:\/\/www.ifun.de\/apiv2\/wp\/v2\/posts\/132567","targetHints":{"allow":["GET"]}}],"collection":[{"href":"https:\/\/www.ifun.de\/apiv2\/wp\/v2\/posts"}],"about":[{"href":"https:\/\/www.ifun.de\/apiv2\/wp\/v2\/types\/post"}],"author":[{"embeddable":true,"href":"https:\/\/www.ifun.de\/apiv2\/wp\/v2\/users\/1"}],"replies":[{"embeddable":true,"href":"https:\/\/www.ifun.de\/apiv2\/wp\/v2\/comments?post=132567"}],"version-history":[{"count":2,"href":"https:\/\/www.ifun.de\/apiv2\/wp\/v2\/posts\/132567\/revisions"}],"predecessor-version":[{"id":132571,"href":"https:\/\/www.ifun.de\/apiv2\/wp\/v2\/posts\/132567\/revisions\/132571"}],"wp:featuredmedia":[{"embeddable":true,"href":"https:\/\/www.ifun.de\/apiv2\/wp\/v2\/media\/132569"}],"wp:attachment":[{"href":"https:\/\/www.ifun.de\/apiv2\/wp\/v2\/media?parent=132567"}],"wp:term":[{"taxonomy":"category","embeddable":true,"href":"https:\/\/www.ifun.de\/apiv2\/wp\/v2\/categories?post=132567"},{"taxonomy":"post_tag","embeddable":true,"href":"https:\/\/www.ifun.de\/apiv2\/wp\/v2\/tags?post=132567"}],"curies":[{"name":"wp","href":"https:\/\/api.w.org\/{rel}","templated":true}]}}