{"id":131944,"date":"2019-01-07T10:18:51","date_gmt":"2019-01-07T09:18:51","guid":{"rendered":"https:\/\/www.ifun.de\/?p=131944"},"modified":"2019-01-07T10:21:47","modified_gmt":"2019-01-07T09:21:47","slug":"homekit-rollos-im-video-ikea-listet-kadrilj-und-fyrtur-offiziell","status":"publish","type":"post","link":"https:\/\/www.ifun.de\/homekit-rollos-im-video-ikea-listet-kadrilj-und-fyrtur-offiziell-131944\/","title":{"rendered":"HomeKit-Rollos im Video: IKEA listet Kadrilj und Fyrtur offiziell"},"content":{"rendered":"<p>Den bevorstehenden Verkaufsstart der IKEA-Produkte <a href=\"http:\/\/clkde.tradedoubler.com\/click?p(290994)a(747172)g(24314836)url(https:\/\/www.ikea.com\/de\/de\/catalog\/products\/20408116\/)\">Kadrilj<\/a> und <a href=\"http:\/\/clkde.tradedoubler.com\/click?p(290994)a(747172)g(24314836)url(https:\/\/www.ikea.com\/de\/de\/catalog\/products\/40408196\/)\">Fyrtur<\/a> &#8211; zwei ferngesteuerte Rollos mit HomeKit-Anbinfung &#8211; verfolgen wir nun schon seit den ersten Sichtungen entsprechenden Zertifizierungsunterlagen im <a href=\"https:\/\/www.iphone-ticker.de\/ikea-trdfri-rolladensteuerung-und-fernbedienung-im-anmarsch-130932\/\">vergangenen September<\/a>.<\/p>\n<p><a href=\"https:\/\/images.ifun.de\/wp-content\/uploads\/2019\/01\/ikea-tradfri-rolladen-1.jpg\"><img decoding=\"async\" src=\"https:\/\/images.ifun.de\/wp-content\/uploads\/2019\/01\/ikea-tradfri-rolladen-1-697x700.jpg\" alt=\"Ikea Tradfri Rolladen 1\" width=\"500\" class=\"aligncenter size-large wp-image-131946\" srcset=\"https:\/\/images.ifun.de\/wp-content\/uploads\/2019\/01\/ikea-tradfri-rolladen-1-697x700.jpg 697w, https:\/\/images.ifun.de\/wp-content\/uploads\/2019\/01\/ikea-tradfri-rolladen-1-150x150.jpg 150w, https:\/\/images.ifun.de\/wp-content\/uploads\/2019\/01\/ikea-tradfri-rolladen-1-498x500.jpg 498w, https:\/\/images.ifun.de\/wp-content\/uploads\/2019\/01\/ikea-tradfri-rolladen-1-768x772.jpg 768w, https:\/\/images.ifun.de\/wp-content\/uploads\/2019\/01\/ikea-tradfri-rolladen-1.jpg 1000w\" sizes=\"(max-width: 697px) 100vw, 697px\" \/><\/a><\/p>\n<p>Unter den Produktbezeichnungen Fyrtur und Kadrilj, soviel stand bereits damals fest, soll die Tr\u00e5dfri-Familie des Einrichtungshauses im Februar um zwei ferngesteuerte Rolll\u00e4den erweitert werden, die sich auch \u00fcber Apples Smart-Home-Protokoll HomeKit ansprechen lassen. Die HomeKit-Kompatibilit\u00e4t wurde von IKEA bereits best\u00e4tigt. Preise wurden bislang jedoch noch nicht kommuniziert.<\/p>\n<p>Nun hat IKEA damit begonnen die Rollos im offiziellen Online-Shop zu listen &#8211; Preise inklusive.<\/p>\n<ul>\n<li><a href=\"http:\/\/clkde.tradedoubler.com\/click?p(290994)a(747172)g(24314836)url(https:\/\/www.ikea.com\/de\/de\/catalog\/products\/20408116\/)\">KADRILJ<\/a> &#8211; Rollo, kabellos, batteriebetrieben grau &#8211; 100cm X 195cm f\u00fcr 119 Euro<\/li>\n<li><a href=\"http:\/\/clkde.tradedoubler.com\/click?p(290994)a(747172)g(24314836)url(https:\/\/www.ikea.com\/de\/de\/catalog\/products\/40408196\/)\">FYRTUR<\/a> &#8211; Verdunklungsrollo, kabellos, batteriebetrieben grau &#8211; 100cm X 195cm f\u00fcr 139 Euro<\/li>\n<\/ul>\n<p>Zur Verf\u00fcgbarkeit schreibt IKEA lediglich:<\/p>\n<blockquote><p>Derzeit bereits in einigen Einrichtungshaus erh\u00e4ltlich. Bitte nutze die Verf\u00fcgbarkeitsabfrage, um zu pr\u00fcfen, ob dieser Artikel in deinem Einrichtungshaus vorr\u00e4tig ist. Ab 2. Februar 2019 ist er auch online bestellbar.<\/p><\/blockquote>\n<p>Um die Rollos mit dem iPhone oder \u00fcber HomeKit fernzubedienen wird eine 30 Euro teure <a href=\"http:\/\/clkde.tradedoubler.com\/click?p(290994)a(747172)g(24314836)url(https:\/\/www.ikea.com\/de\/de\/catalog\/products\/40337806\/)\">TR\u00c5DFRI Gateway<\/a> im Heimnetz vorausgesetzt.<\/p>\n<p><div class=\"responsive-video\"><iframe loading=\"lazy\" width=\"700\" height=\"371\" src=\"https:\/\/www.youtube-nocookie.com\/embed\/_iym1S5q4VU\" frameborder=\"0\" allowfullscreen><\/iframe><\/div><\/p>\n","protected":false},"excerpt":{"rendered":"<a href=\"https:\/\/www.ifun.de\/homekit-rollos-im-video-ikea-listet-kadrilj-und-fyrtur-offiziell-131944\/\"><img width=\"150\" height=\"150\" src=\"https:\/\/images.ifun.de\/wp-content\/uploads\/2019\/01\/ikea-150x150.jpg\" class=\"alignright tfe wp-post-image\" alt=\"Ikea\" decoding=\"async\" loading=\"lazy\" \/><\/a><p>Den bevorstehenden Verkaufsstart der IKEA-Produkte Kadrilj und Fyrtur &#8211; zwei ferngesteuerte Rollos mit HomeKit-Anbinfung &#8211; verfolgen wir nun schon seit den ersten Sichtungen entsprechenden Zertifizierungsunterlagen im vergangenen September. Unter den Produktbezeichnungen Fyrtur und Kadrilj, soviel stand bereits damals fest, soll die Tr\u00e5dfri-Familie des Einrichtungshauses im Februar um zwei ferngesteuerte Rolll\u00e4den erweitert werden, die sich auch [&hellip;]<\/p>\n","protected":false},"author":1,"featured_media":131947,"comment_status":"open","ping_status":"closed","sticky":false,"template":"","format":"standard","meta":{"_acf_changed":false,"footnotes":""},"categories":[1],"tags":[2367,1132,4389,2494,6325],"class_list":["post-131944","post","type-post","status-publish","format-standard","has-post-thumbnail","hentry","category-news","tag-homekit","tag-ikea","tag-rollo","tag-smart-home","tag-zubehor"],"acf":[],"aioseo_notices":[],"subheadline":["Ab 2. Februar"],"featured_image":["https:\/\/images.ifun.de\/wp-content\/uploads\/2019\/01\/ikea.jpg"],"rest_api_enabler":{"subheadline":"Ab 2. Februar","featured_image":"https:\/\/images.ifun.de\/wp-content\/uploads\/2019\/01\/ikea.jpg"},"_links":{"self":[{"href":"https:\/\/www.ifun.de\/apiv2\/wp\/v2\/posts\/131944","targetHints":{"allow":["GET"]}}],"collection":[{"href":"https:\/\/www.ifun.de\/apiv2\/wp\/v2\/posts"}],"about":[{"href":"https:\/\/www.ifun.de\/apiv2\/wp\/v2\/types\/post"}],"author":[{"embeddable":true,"href":"https:\/\/www.ifun.de\/apiv2\/wp\/v2\/users\/1"}],"replies":[{"embeddable":true,"href":"https:\/\/www.ifun.de\/apiv2\/wp\/v2\/comments?post=131944"}],"version-history":[{"count":3,"href":"https:\/\/www.ifun.de\/apiv2\/wp\/v2\/posts\/131944\/revisions"}],"predecessor-version":[{"id":131949,"href":"https:\/\/www.ifun.de\/apiv2\/wp\/v2\/posts\/131944\/revisions\/131949"}],"wp:featuredmedia":[{"embeddable":true,"href":"https:\/\/www.ifun.de\/apiv2\/wp\/v2\/media\/131947"}],"wp:attachment":[{"href":"https:\/\/www.ifun.de\/apiv2\/wp\/v2\/media?parent=131944"}],"wp:term":[{"taxonomy":"category","embeddable":true,"href":"https:\/\/www.ifun.de\/apiv2\/wp\/v2\/categories?post=131944"},{"taxonomy":"post_tag","embeddable":true,"href":"https:\/\/www.ifun.de\/apiv2\/wp\/v2\/tags?post=131944"}],"curies":[{"name":"wp","href":"https:\/\/api.w.org\/{rel}","templated":true}]}}