{"id":131940,"date":"2019-01-07T09:17:11","date_gmt":"2019-01-07T08:17:11","guid":{"rendered":"https:\/\/www.ifun.de\/?p=131940"},"modified":"2019-01-09T09:27:25","modified_gmt":"2019-01-09T08:27:25","slug":"fritzbox-und-ip-kameras-avm-reagiert-auf-mesh-problematik","status":"publish","type":"post","link":"https:\/\/www.ifun.de\/fritzbox-und-ip-kameras-avm-reagiert-auf-mesh-problematik-131940\/","title":{"rendered":"FRITZ!Box und IP-Kameras: AVM reagiert auf Mesh-Problematik"},"content":{"rendered":"<p>\u00dcber die von D-Link ausgesprochene <a href=\"https:\/\/www.ifun.de\/fritzbox-neue-mesh-funktion-stoert-netzwerkgeraete-131809\/\">Downgrade-Empfehlung<\/a> haben wir in der vergangenen Woche berichtet. Auf einer eigens <a href=\"http:\/\/webcache.googleusercontent.com\/search?num=100&#038;ei=tIEzXJ_CAYnVwAKdu4SAAg&#038;q=cache%3Ahttps%3A%2F%2Feu.dlink.com%2Fde%2Fde%2Fsupport%2Ffaq%2Fmydlink%2Fde_avm_mesh_issue&#038;oq=cache%3Ahttps%3A%2F%2Feu.dlink.com%2Fde%2Fde%2Fsupport%2Ffaq%2Fmydlink%2Fde_avm_mesh_issue&#038;\">eingerichtete Webseite<\/a> erkl\u00e4rte der Netzwerkspezialist, dass man ein Mesh-Issue in den Routern von AVM ausgemacht habe.<\/p>\n<p><a href=\"https:\/\/images.ifun.de\/wp-content\/uploads\/2018\/06\/AVM_FRITZOS_7_chili.jpg\"><img decoding=\"async\" src=\"https:\/\/images.ifun.de\/wp-content\/uploads\/2018\/06\/AVM_FRITZOS_7_chili.jpg\" alt=\"AVM FRITZOS 7 Chili\" width=\"500\"  class=\"aligncenter size-full wp-image-123170\" srcset=\"https:\/\/images.ifun.de\/wp-content\/uploads\/2018\/06\/AVM_FRITZOS_7_chili.jpg 520w, https:\/\/images.ifun.de\/wp-content\/uploads\/2018\/06\/AVM_FRITZOS_7_chili-300x200.jpg 300w\" sizes=\"(max-width: 520px) 100vw, 520px\" \/><\/a><\/p>\n<p>Dieses w\u00fcrde die eigenen Netzwerk-Kameras behindert, entsprechend k\u00f6nne man nur ein Downgrade der eingesetzten FRITZ!Box-Modelle empfehlen.<\/p>\n<p>ifun.de hat daraufhin kontakt mit AVM aufgenommen und nachgefragt, wie sich die Kunden des Unternehmens hier verhalten sollten. Der Berliner Anbieter antwortet umgehend:<\/p>\n<blockquote><p>Nach unserem derzeitigen Wissensstand tritt das von Ihnen beschriebene Szenario nur bei einer Hand voll Anwendern auf. In der Regel funktioniert die Einbindung von WLAN-Produkten anderer Hersteller sehr gut. Zur L\u00f6sung des konkreten Falles stehen die beiden Hersteller im Austausch.<\/p>\n<p>AVM hat die WLAN-Mesh-Funktionen bereits vor rund 18 Monaten f\u00fcr FRITZ!-Produkte eingef\u00fchrt, mit FRITZ!OS 7 weiter ausgebaut und viele Anwender nutzen sie seitdem in ihrem Heimnetz. Wir empfehlen den Anwendern immer die aktuelle FRITZ!OS-Version zu verwenden. Sollten Kunden uns Probleme mit WLAN-Produkten anderer Hersteller melden, schauen wir uns diese sehr genau an.<\/p>\n<p>Kunden berichteten uns, dass D-Link bis Ende November noch kommuniziert habe, dass das Unternehmen an einem FW-Update f\u00fcr beschriebenes Verhalten arbeite.<\/p><\/blockquote>\n<p>F\u00fcr den beschriebenen Fall nennt AVM zudem ein Workaround, das aktuell auch vom Support an nachfragende Kunden kommuniziert wird. Offenbar kann es in Einzelf\u00e4llen dazu kommen, dass IP-Kameras bei der Aushandlung der WLAN-Verschl\u00fcsselung &#8222;WPA2&#8220; scheitern, wenn in der FRITZ!Box der WPA-Modus &#8222;WPA + WPA2&#8220; aktiviert ist.<\/p>\n<p>AVM empfiehlt, die beiden folgenden Ma\u00dfnahmen nacheinander durchzuf\u00fchren und nach jeder Ma\u00dfnahme zu pr\u00fcfen, ob das Problem behoben ist.<\/p>\n<h3>WPA2-Verschl\u00fcsselung in FRITZ!Box anpassen<\/h3>\n<ul>\n<li>1. Klicken Sie in der Benutzeroberfl\u00e4che der FRITZ!Box auf &#8222;WLAN&#8220;.<\/li>\n<li>2. Klicken Sie im Men\u00fc &#8222;WLAN&#8220; auf &#8222;Sicherheit&#8220;.<\/li>\n<li>3. Aktivieren Sie die WPA-Verschl\u00fcsselung.<\/li>\n<li>4. W\u00e4hlen Sie in der Ausklappliste &#8222;WPA-Modus&#8220; die Option &#8222;WPA2 (CCMP)&#8220;.<\/li>\n<li>5. Klicken Sie zum Speichern der Einstellungen auf &#8222;\u00dcbernehmen&#8220;.<\/li>\n<\/ul>\n<h3>WLAN-Verbindung neu einrichten<\/h3>\n<ul>\n<li>1. L\u00f6schen Sie die bereits eingerichtete WLAN-Verbindung zur FRITZ!Box in der IP-Kamera.<\/li>\n<li>2. Richten Sie die WLAN-Verbindung zur FRITZ!Box neu ein.<\/li>\n<\/ul>\n","protected":false},"excerpt":{"rendered":"<a href=\"https:\/\/www.ifun.de\/fritzbox-und-ip-kameras-avm-reagiert-auf-mesh-problematik-131940\/\"><img decoding=\"async\" width=\"150\" src=\"https:\/\/images.ifun.de\/wp-content\/uploads\/2018\/06\/AVM_FRITZOS_7_chili.jpg\" class=\"alignright wp-post-image tfe\" alt=\"AVM FRITZOS 7 Chili\" title=\"\" \/><\/a><p>\u00dcber die von D-Link ausgesprochene Downgrade-Empfehlung haben wir in der vergangenen Woche berichtet. Auf einer eigens eingerichtete Webseite erkl\u00e4rte der Netzwerkspezialist, dass man ein Mesh-Issue in den Routern von AVM ausgemacht habe. Dieses w\u00fcrde die eigenen Netzwerk-Kameras behindert, entsprechend k\u00f6nne man nur ein Downgrade der eingesetzten FRITZ!Box-Modelle empfehlen. ifun.de hat daraufhin kontakt mit AVM aufgenommen [&hellip;]<\/p>\n","protected":false},"author":1,"featured_media":0,"comment_status":"open","ping_status":"closed","sticky":false,"template":"","format":"standard","meta":{"_acf_changed":false,"footnotes":""},"categories":[22],"tags":[1654,1380,3588],"class_list":["post-131940","post","type-post","status-publish","format-standard","hentry","category-zubehor","tag-avm","tag-fritzbox","tag-mesh"],"acf":[],"aioseo_notices":[],"subheadline":["Nach D-Links Downgrade-Empfehlung"],"featured_image":["https:\/\/images.ifun.de\/wp-content\/uploads\/2018\/09\/avm-header.jpg"],"rest_api_enabler":{"subheadline":"Nach D-Links Downgrade-Empfehlung","featured_image":"https:\/\/images.ifun.de\/wp-content\/uploads\/2018\/09\/avm-header.jpg"},"_links":{"self":[{"href":"https:\/\/www.ifun.de\/apiv2\/wp\/v2\/posts\/131940","targetHints":{"allow":["GET"]}}],"collection":[{"href":"https:\/\/www.ifun.de\/apiv2\/wp\/v2\/posts"}],"about":[{"href":"https:\/\/www.ifun.de\/apiv2\/wp\/v2\/types\/post"}],"author":[{"embeddable":true,"href":"https:\/\/www.ifun.de\/apiv2\/wp\/v2\/users\/1"}],"replies":[{"embeddable":true,"href":"https:\/\/www.ifun.de\/apiv2\/wp\/v2\/comments?post=131940"}],"version-history":[{"count":3,"href":"https:\/\/www.ifun.de\/apiv2\/wp\/v2\/posts\/131940\/revisions"}],"predecessor-version":[{"id":131983,"href":"https:\/\/www.ifun.de\/apiv2\/wp\/v2\/posts\/131940\/revisions\/131983"}],"wp:attachment":[{"href":"https:\/\/www.ifun.de\/apiv2\/wp\/v2\/media?parent=131940"}],"wp:term":[{"taxonomy":"category","embeddable":true,"href":"https:\/\/www.ifun.de\/apiv2\/wp\/v2\/categories?post=131940"},{"taxonomy":"post_tag","embeddable":true,"href":"https:\/\/www.ifun.de\/apiv2\/wp\/v2\/tags?post=131940"}],"curies":[{"name":"wp","href":"https:\/\/api.w.org\/{rel}","templated":true}]}}