{"id":131725,"date":"2018-12-28T13:58:50","date_gmt":"2018-12-28T12:58:50","guid":{"rendered":"https:\/\/www.ifun.de\/?p=131725"},"modified":"2019-01-02T20:51:36","modified_gmt":"2019-01-02T19:51:36","slug":"ipad-pro-verbogen-apples-ehemaliger-marketing-director-meldet-sich","status":"publish","type":"post","link":"https:\/\/www.ifun.de\/ipad-pro-verbogen-apples-ehemaliger-marketing-director-meldet-sich-131725\/","title":{"rendered":"iPad Pro verbogen: Apples ehemaliger &#8222;Marketing Director&#8220; meldet sich"},"content":{"rendered":"<p>Michael Gartenberg, eine Zeitlang als &#8222;Senior Marketing Director&#8220; auf der Gehaltsliste Apples vertreten, hat sich \u00fcber Weihnachten auf dem Kurznachrichtenportal Twitter zu Wort gemeldet und \u00d6l ins Feuer bzw. in <a href=\"https:\/\/www.ifun.de\/?p=131501\">die Debatte<\/a> um die ab Werk verbogenen iPad Pro-Modelle gegossen. <\/p>\n<blockquote class=\"twitter-tweet\" data-lang=\"de\">\n<p lang=\"en\" dir=\"ltr\">Returned my iPad this morning. Perhaps it was within Apple tolerances but Apple tolerances shouldn&#39;t allow for a clear noticeble bend. Much as monitors with noticeble dead pixels aren&#39;t acceptable either.<\/p>\n<p>&mdash; Michael Gartenberg (@Gartenberg) <a href=\"https:\/\/twitter.com\/Gartenberg\/status\/1077332433392058368?ref_src=twsrc%5Etfw\">24. Dezember 2018<\/a><\/p><\/blockquote>\n<p><script async src=\"https:\/\/platform.twitter.com\/widgets.js\" charset=\"utf-8\"><\/script><\/p>\n<p>Der ehemalige Apple-Mitarbeiter, der zwischenzeitlich auch eine Technik-Kolumne f\u00fcr das Online-Magazin Engadget verfasste, geh\u00f6rt nun auch zu jenen Anwendern, die ihr k\u00fcrzlich erworbenes iPad Pro wegen eines Geh\u00e4use-Defektes zur\u00fcckgeben mussten.<\/p>\n<blockquote><p>Ich habe heute morgen mein iPad zur\u00fcckgegeben. Vielleicht befand sich dieses noch innerhalb der Apple-Toleranzen, doch diese sollten keine sichtbaren Biegungen zulassen. Dies ist eben so unakzeptabel wie Monitore mit sichtbaren Pixelfehlern. <\/p><\/blockquote>\n<p>Apple hatte am 20. Dezember mit einer Stellungnahme der Presseabteilung f\u00fcr <a href=\"https:\/\/www.ifun.de\/?p=131501\">Schlagzeilen im Netz<\/a> und ungl\u00e4ubiges Kopfsch\u00fctteln unter den Kunden gesorgt. <\/p>\n<p>So verwies der Konzern auf zumutbare Fertigungstoleranzen, um eine Anfrage des Technik-Portals &#8222;The Verge&#8220; zu beantwortet. Dieses hatte in Cupertino nachgefragt, ob der Konzern Nutzerberichte kommentieren k\u00f6nne, wonach einzelne iPad Pro-Modelle bereits ab Werk mit einem leicht verbogenen Geh\u00e4use ausgeliefert wurden. <\/p>\n<p><h8><a href=\"https:\/\/www.patentlyapple.com\/patently-apple\/2018\/12\/apples-former-marketing-director-returned-his-bent-ipad-pro-on-monday-saying-hes-unhappy-with-apples-handling-of-the-matte.html\">via patentlyapple<\/a><\/h8><\/p>\n","protected":false},"excerpt":{"rendered":"<p>Michael Gartenberg, eine Zeitlang als &#8222;Senior Marketing Director&#8220; auf der Gehaltsliste Apples vertreten, hat sich \u00fcber Weihnachten auf dem Kurznachrichtenportal Twitter zu Wort gemeldet und \u00d6l ins Feuer bzw. in die Debatte um die ab Werk verbogenen iPad Pro-Modelle gegossen. Returned my iPad this morning. Perhaps it was within Apple tolerances but Apple tolerances shouldn&#39;t [&hellip;]<\/p>\n","protected":false},"author":1,"featured_media":0,"comment_status":"open","ping_status":"closed","sticky":false,"template":"","format":"standard","meta":{"_acf_changed":false,"footnotes":""},"categories":[3,1783],"tags":[4736,2486,373],"class_list":["post-131725","post","type-post","status-publish","format-standard","hentry","category-apple","category-feature","tag-apple","tag-ipad-pro","tag-kritik"],"acf":[],"aioseo_notices":[],"featured_image":["https:\/\/images.ifun.de\/wp-content\/uploads\/2018\/12\/ipad-pro-verbogen.jpg"],"subheadline":["Ab Werk verformt"],"rest_api_enabler":{"featured_image":"https:\/\/images.ifun.de\/wp-content\/uploads\/2018\/12\/ipad-pro-verbogen.jpg","subheadline":"Ab Werk verformt"},"_links":{"self":[{"href":"https:\/\/www.ifun.de\/apiv2\/wp\/v2\/posts\/131725","targetHints":{"allow":["GET"]}}],"collection":[{"href":"https:\/\/www.ifun.de\/apiv2\/wp\/v2\/posts"}],"about":[{"href":"https:\/\/www.ifun.de\/apiv2\/wp\/v2\/types\/post"}],"author":[{"embeddable":true,"href":"https:\/\/www.ifun.de\/apiv2\/wp\/v2\/users\/1"}],"replies":[{"embeddable":true,"href":"https:\/\/www.ifun.de\/apiv2\/wp\/v2\/comments?post=131725"}],"version-history":[{"count":3,"href":"https:\/\/www.ifun.de\/apiv2\/wp\/v2\/posts\/131725\/revisions"}],"predecessor-version":[{"id":131728,"href":"https:\/\/www.ifun.de\/apiv2\/wp\/v2\/posts\/131725\/revisions\/131728"}],"wp:attachment":[{"href":"https:\/\/www.ifun.de\/apiv2\/wp\/v2\/media?parent=131725"}],"wp:term":[{"taxonomy":"category","embeddable":true,"href":"https:\/\/www.ifun.de\/apiv2\/wp\/v2\/categories?post=131725"},{"taxonomy":"post_tag","embeddable":true,"href":"https:\/\/www.ifun.de\/apiv2\/wp\/v2\/tags?post=131725"}],"curies":[{"name":"wp","href":"https:\/\/api.w.org\/{rel}","templated":true}]}}