{"id":131662,"date":"2018-12-27T08:05:40","date_gmt":"2018-12-27T07:05:40","guid":{"rendered":"https:\/\/www.ifun.de\/?p=131662"},"modified":"2018-12-27T08:05:40","modified_gmt":"2018-12-27T07:05:40","slug":"ipad-mini-5-bilder-zeigen-angeblich-erste-schutzhuelle","status":"publish","type":"post","link":"https:\/\/www.ifun.de\/ipad-mini-5-bilder-zeigen-angeblich-erste-schutzhuelle-131662\/","title":{"rendered":"iPad mini 5: Bilder zeigen angeblich erste Schutzh\u00fclle"},"content":{"rendered":"<p>Kurz vor Jahresende gibt es auch noch neues Futter f\u00fcr die <a href=\"https:\/\/www.ifun.de\/fruehjahr-soll-ipad-mini-5-und-nachfolger-des-ipad-97-bringen-131595\/\" title=\"Fr\u00fchjahr soll iPad mini 5 und Nachfolger des iPad 9,7\u2033 bringen\">Spekulationen um ein kommendes iPad mini 5<\/a>. Auf der auf Vorabver\u00f6ffentlichungen spezialisierten Webseite <a href=\"http:\/\/www.slashleaks.com\/l\/apple-ipad-mini-5-case-leaked\">Slashleaks<\/a> sind Bilder aufgetaucht, die angeblich eine H\u00fclle f\u00fcr das Ger\u00e4t zeigen.<\/p>\n<p>M\u00f6glicherweise im M\u00e4rz soll ja nun doch noch ein Nachfolger f\u00fcr das vor gut drei Jahren vorgestellte <a href=\"https:\/\/www.ifun.de\/ipad-mini-4-schneller-duenner-und-bessere-kamera-fuers-gleiche-geld-81571\/\">iPad mini 4<\/a> erscheinen und es w\u00e4re nicht ungew\u00f6hnlich, wenn sich bereits jetzt die ersten H\u00fcllen f\u00fcr das Ger\u00e4t im Umlauf befinden. Durch undichte Stellen bei Apples Produktionspartnern und Zulieferern sind die Abmessungen kommender iOS-Ger\u00e4te in der Vergangenheit schon mehr als einmal fr\u00fchzeitig nach au\u00dfen gelangt.<\/p>\n<p><a href=\"https:\/\/images.ifun.de\/wp-content\/uploads\/2018\/12\/ipad-mini-5-case-kamera.jpg\"><img loading=\"lazy\" decoding=\"async\" src=\"https:\/\/images.ifun.de\/wp-content\/uploads\/2018\/12\/ipad-mini-5-case-kamera.jpg\" alt=\"Ipad Mini 5 Case Kamera\" width=\"700\" height=\"468\" class=\"alignnone size-full wp-image-131667\" srcset=\"https:\/\/images.ifun.de\/wp-content\/uploads\/2018\/12\/ipad-mini-5-case-kamera.jpg 700w, https:\/\/images.ifun.de\/wp-content\/uploads\/2018\/12\/ipad-mini-5-case-kamera-500x334.jpg 500w\" sizes=\"auto, (max-width: 700px) 100vw, 700px\" \/><\/a><\/p>\n<p> Beim Blick auf das transparente Hardcase sticht insbesondere die l\u00e4ngliche Aussparung f\u00fcr die Kamera ins Auge. Dies deutet darauf hin, dass Apple das kommende iPad mini mit einem Blitz ausstatten k\u00f6nnte und ebenso wie beim iPad Pro Objektiv, Mikrofon und Blitz im Hochformat senkrecht untereinander platziert. Sollte dies der Fall sein, so darf man davon ausgehen, dass das ebenfalls im kommenden Jahr in einer neuen Version erwartete iPad 9,7\u201c (<a href=\"https:\/\/www.ifun.de\/fruehjahr-soll-ipad-mini-5-und-nachfolger-des-ipad-97-bringen-131595\/\">k\u00fcnftig mit 10\u201c?<\/a>) eine vergleichbare Kamera-Ausstattung spendiert bekommt. Bislang stattet Apple nur die Pro-Modelle des iPad mit einem Blitz aus.<\/p>\n<p><a href=\"https:\/\/images.ifun.de\/wp-content\/uploads\/2018\/12\/ipad-mini-5-case.jpg\"><img loading=\"lazy\" decoding=\"async\" src=\"https:\/\/images.ifun.de\/wp-content\/uploads\/2018\/12\/ipad-mini-5-case.jpg\" alt=\"Ipad Mini 5 Case\" width=\"700\" height=\"452\" class=\"alignnone size-full wp-image-131668\" srcset=\"https:\/\/images.ifun.de\/wp-content\/uploads\/2018\/12\/ipad-mini-5-case.jpg 700w, https:\/\/images.ifun.de\/wp-content\/uploads\/2018\/12\/ipad-mini-5-case-500x323.jpg 500w\" sizes=\"auto, (max-width: 700px) 100vw, 700px\" \/><\/a><\/p>\n<p>Eine seitliche Aussparung an den neu aufgetauchten H\u00fcllen deutet auch darauf hin, dass das Ger\u00e4t mit einem Smart Connector ausgestattet ist. Auch hier k\u00f6nnte Apple bestrebt sein, in diesem Jahr die Kompatibilit\u00e4t aller iPad-Modelle mit Zubeh\u00f6r wie der hauseigenen <a href=\"https:\/\/ifun.de\/applestore\/http:\/\/store.apple.com\/de\/go\/product\/MU8G2\">Smart-Keyboard-Tastaturen<\/a> herzustellen. Derzeit sind hier zwei mit den neuen iPad Pros kompatible Versionen erh\u00e4ltlich.<\/p>\n","protected":false},"excerpt":{"rendered":"<a href=\"https:\/\/www.ifun.de\/ipad-mini-5-bilder-zeigen-angeblich-erste-schutzhuelle-131662\/\"><img width=\"150\" height=\"150\" src=\"https:\/\/images.ifun.de\/wp-content\/uploads\/2018\/12\/ipad-mini-5-case-150x150.jpg\" class=\"alignright tfe wp-post-image\" alt=\"Ipad Mini 5 Case\" decoding=\"async\" loading=\"lazy\" \/><\/a><p>Kurz vor Jahresende gibt es auch noch neues Futter f\u00fcr die Spekulationen um ein kommendes iPad mini 5. Auf der auf Vorabver\u00f6ffentlichungen spezialisierten Webseite Slashleaks sind Bilder aufgetaucht, die angeblich eine H\u00fclle f\u00fcr das Ger\u00e4t zeigen. M\u00f6glicherweise im M\u00e4rz soll ja nun doch noch ein Nachfolger f\u00fcr das vor gut drei Jahren vorgestellte iPad mini [&hellip;]<\/p>\n","protected":false},"author":2,"featured_media":131668,"comment_status":"open","ping_status":"closed","sticky":false,"template":"","format":"standard","meta":{"_acf_changed":false,"footnotes":""},"categories":[18],"tags":[3910,4384],"class_list":["post-131662","post","type-post","status-publish","format-standard","has-post-thumbnail","hentry","category-rumors","tag-geruechte","tag-ipad-mini-5"],"acf":[],"aioseo_notices":[],"subheadline":["Mit Blitz und Smart Connector?"],"featured_image":["https:\/\/images.ifun.de\/wp-content\/uploads\/2018\/12\/ipad-mini-5-case-top.jpg"],"rest_api_enabler":{"subheadline":"Mit Blitz und Smart Connector?","featured_image":"https:\/\/images.ifun.de\/wp-content\/uploads\/2018\/12\/ipad-mini-5-case-top.jpg"},"_links":{"self":[{"href":"https:\/\/www.ifun.de\/apiv2\/wp\/v2\/posts\/131662","targetHints":{"allow":["GET"]}}],"collection":[{"href":"https:\/\/www.ifun.de\/apiv2\/wp\/v2\/posts"}],"about":[{"href":"https:\/\/www.ifun.de\/apiv2\/wp\/v2\/types\/post"}],"author":[{"embeddable":true,"href":"https:\/\/www.ifun.de\/apiv2\/wp\/v2\/users\/2"}],"replies":[{"embeddable":true,"href":"https:\/\/www.ifun.de\/apiv2\/wp\/v2\/comments?post=131662"}],"version-history":[{"count":4,"href":"https:\/\/www.ifun.de\/apiv2\/wp\/v2\/posts\/131662\/revisions"}],"predecessor-version":[{"id":131669,"href":"https:\/\/www.ifun.de\/apiv2\/wp\/v2\/posts\/131662\/revisions\/131669"}],"wp:featuredmedia":[{"embeddable":true,"href":"https:\/\/www.ifun.de\/apiv2\/wp\/v2\/media\/131668"}],"wp:attachment":[{"href":"https:\/\/www.ifun.de\/apiv2\/wp\/v2\/media?parent=131662"}],"wp:term":[{"taxonomy":"category","embeddable":true,"href":"https:\/\/www.ifun.de\/apiv2\/wp\/v2\/categories?post=131662"},{"taxonomy":"post_tag","embeddable":true,"href":"https:\/\/www.ifun.de\/apiv2\/wp\/v2\/tags?post=131662"}],"curies":[{"name":"wp","href":"https:\/\/api.w.org\/{rel}","templated":true}]}}