{"id":131595,"date":"2018-12-21T13:06:28","date_gmt":"2018-12-21T12:06:28","guid":{"rendered":"https:\/\/www.ifun.de\/?p=131595"},"modified":"2018-12-24T10:40:56","modified_gmt":"2018-12-24T09:40:56","slug":"fruehjahr-soll-ipad-mini-5-und-nachfolger-des-ipad-97-bringen","status":"publish","type":"post","link":"https:\/\/www.ifun.de\/fruehjahr-soll-ipad-mini-5-und-nachfolger-des-ipad-97-bringen-131595\/","title":{"rendered":"Fr\u00fchjahr soll iPad mini 5 und Nachfolger des iPad 9,7&#8243; bringen"},"content":{"rendered":"<p>Apple wird im kommenden Jahr angeblich nicht nur ein neues iPad mit 10 Zoll Bildschirmgr\u00f6\u00dfe, sondern auch eine neue Generation des iPad mini auf den Markt bringen. Das Apple-Blog <a href=\"http:\/\/www.macotakara.jp\/blog\/rumor\/entry-36504.html\">Macotakara<\/a> zitiert diesbez\u00fcglich das Wirtschaftsmagazin \u201eChina Business Times\u201c.<\/p>\n<p><a href=\"https:\/\/images.ifun.de\/wp-content\/uploads\/2017\/08\/ipad-97-zoll.jpg\"><img loading=\"lazy\" decoding=\"async\" src=\"https:\/\/images.ifun.de\/wp-content\/uploads\/2017\/08\/ipad-97-zoll.jpg\" alt=\"Ipad 97 Zoll\" width=\"500\" height=\"372\" class=\"alignnone size-full wp-image-111256\" srcset=\"https:\/\/images.ifun.de\/wp-content\/uploads\/2017\/08\/ipad-97-zoll.jpg 500w, https:\/\/images.ifun.de\/wp-content\/uploads\/2017\/08\/ipad-97-zoll-300x223.jpg 300w\" sizes=\"auto, (max-width: 500px) 100vw, 500px\" \/><\/a><\/p>\n<p>Demnach soll das iPad mini 5 bereits in der ersten H\u00e4lfte des kommenden Jahres in den Handel kommen. Diese Voraussage kommt nicht von ungef\u00e4hr, bereits im Herbst hat der mit Blick auf Apple-Themen gew\u00f6hnlich gut informierte Analyst Ming-Chi Kuo eine Neuauflage des kleinen Tablets f\u00fcr Ende dieses oder Anfang kommenden Jahres vorhergesagt. Wenngleich uns eine f\u00fcnfte Generation des iPad mini \u00fcberraschen w\u00fcrde, mit Apples Trend zu gr\u00f6\u00dferen Bildschirmen schien diese Variante des iPad ja eigentlich \u00fcberholt.<\/p>\n<p>In jedem Fall eine \u00dcberraschung ist die Ank\u00fcndigung, dass Apple das momentan zu Preisen ab 349 Euro erh\u00e4ltliche iPad mit 9,7 Zoll Bildschirmgr\u00f6\u00dfe durch ein mit 10 Zoll etwas gr\u00f6\u00dferes Ger\u00e4t im gleichen Preisbereich ersetzen will.<\/p>\n<p>Der Monat M\u00e4rz bietet sich f\u00fcr die Vorstellung neuer iPads an. Bereits in den vergangenen beiden Jahren hat Apple das Fr\u00fchjahr dazu genutzt, die Einstiegsklasse des Tablets zu \u00fcberarbeiten.<\/p>\n<p><h8><a href=\"https:\/\/www.macrumors.com\/2018\/12\/21\/ipad-mini-5-and-10-inch-ipad-coming-2019\/\">via MacRumors.com<\/a><\/h8><\/p>\n","protected":false},"excerpt":{"rendered":"<a href=\"https:\/\/www.ifun.de\/fruehjahr-soll-ipad-mini-5-und-nachfolger-des-ipad-97-bringen-131595\/\"><img decoding=\"async\" width=\"150\" src=\"https:\/\/images.ifun.de\/wp-content\/uploads\/2017\/08\/ipad-97-zoll.jpg\" class=\"alignright wp-post-image tfe\" alt=\"Ipad 97 Zoll\" title=\"\" \/><\/a><p>Apple wird im kommenden Jahr angeblich nicht nur ein neues iPad mit 10 Zoll Bildschirmgr\u00f6\u00dfe, sondern auch eine neue Generation des iPad mini auf den Markt bringen. Das Apple-Blog Macotakara zitiert diesbez\u00fcglich das Wirtschaftsmagazin \u201eChina Business Times\u201c. Demnach soll das iPad mini 5 bereits in der ersten H\u00e4lfte des kommenden Jahres in den Handel kommen. [&hellip;]<\/p>\n","protected":false},"author":2,"featured_media":0,"comment_status":"open","ping_status":"closed","sticky":false,"template":"","format":"standard","meta":{"_acf_changed":false,"footnotes":""},"categories":[10,1783],"tags":[3910,4740,6322],"class_list":["post-131595","post","type-post","status-publish","format-standard","hentry","category-ipad","category-feature","tag-geruechte","tag-ipad","tag-rumors"],"acf":[],"aioseo_notices":[],"subheadline":["K\u00fcnftig 10\" statt 9,7\" Bildschirmgr\u00f6\u00dfe?"],"featured_image":["https:\/\/images.ifun.de\/wp-content\/uploads\/2017\/03\/ipad-9-7-zoll.jpg"],"rest_api_enabler":{"subheadline":"K\u00fcnftig 10\" statt 9,7\" Bildschirmgr\u00f6\u00dfe?","featured_image":"https:\/\/images.ifun.de\/wp-content\/uploads\/2017\/03\/ipad-9-7-zoll.jpg"},"_links":{"self":[{"href":"https:\/\/www.ifun.de\/apiv2\/wp\/v2\/posts\/131595","targetHints":{"allow":["GET"]}}],"collection":[{"href":"https:\/\/www.ifun.de\/apiv2\/wp\/v2\/posts"}],"about":[{"href":"https:\/\/www.ifun.de\/apiv2\/wp\/v2\/types\/post"}],"author":[{"embeddable":true,"href":"https:\/\/www.ifun.de\/apiv2\/wp\/v2\/users\/2"}],"replies":[{"embeddable":true,"href":"https:\/\/www.ifun.de\/apiv2\/wp\/v2\/comments?post=131595"}],"version-history":[{"count":6,"href":"https:\/\/www.ifun.de\/apiv2\/wp\/v2\/posts\/131595\/revisions"}],"predecessor-version":[{"id":131651,"href":"https:\/\/www.ifun.de\/apiv2\/wp\/v2\/posts\/131595\/revisions\/131651"}],"wp:attachment":[{"href":"https:\/\/www.ifun.de\/apiv2\/wp\/v2\/media?parent=131595"}],"wp:term":[{"taxonomy":"category","embeddable":true,"href":"https:\/\/www.ifun.de\/apiv2\/wp\/v2\/categories?post=131595"},{"taxonomy":"post_tag","embeddable":true,"href":"https:\/\/www.ifun.de\/apiv2\/wp\/v2\/tags?post=131595"}],"curies":[{"name":"wp","href":"https:\/\/api.w.org\/{rel}","templated":true}]}}