{"id":131550,"date":"2018-12-20T18:10:09","date_gmt":"2018-12-20T17:10:09","guid":{"rendered":"https:\/\/www.ifun.de\/?p=131550"},"modified":"2018-12-20T18:10:35","modified_gmt":"2018-12-20T17:10:35","slug":"aufgekauft-corel-uebernimmt-parallels","status":"publish","type":"post","link":"https:\/\/www.ifun.de\/aufgekauft-corel-uebernimmt-parallels-131550\/","title":{"rendered":"Aufgekauft: Parallels geh\u00f6rt jetzt zu Corel"},"content":{"rendered":"<p><a href=\"https:\/\/www.parallels.com\/de\/\">Parallels<\/a> f\u00e4hrt k\u00fcnftig unter neuer Flagge. Mit <a href=\"https:\/\/www.corel.com\/de\/\">Corel<\/a> hat ein altbekannter Software-Hersteller den vor allem f\u00fcr seine Virtualisierungssoftware Parallels Desktop bekannten Anbieter \u00fcbernommen. Corel hat sich bislang mit Anwendungen wie Corel Draw vor allem im Grafikbereich einen Namen gemacht.<\/p>\n<p><a href=\"https:\/\/images.ifun.de\/wp-content\/uploads\/2018\/12\/corel-apps.jpg\"><img loading=\"lazy\" decoding=\"async\" src=\"https:\/\/images.ifun.de\/wp-content\/uploads\/2018\/12\/corel-apps.jpg\" alt=\"Corel Apps\" width=\"500\" height=\"240\" class=\"alignnone size-full wp-image-131554\" \/><\/a><\/p>\n<p>Corel will mit den Anwendungen Parallels Desktop f\u00fcr Mac, Parallels Toolbox f\u00fcr Windows und Mac, Parallels Access, Parallels Mac Management f\u00fcr Microsoft SCCM und Parallels Remote Application Server die gesamte Produktpalette von Parallels auch in Zukunft anbieten. Zudem hat das Unternehmen bedeutende Investitionen in Parallels angek\u00fcndigt. Corel und Parallels sollen gemeinsam Anwendungen und Dienstleistungen f\u00fcr eine Vielzahl von Plattformen anbieten, darunter Windows, macOS, iOS, Android, Chromebooks, Linux, Raspberry Pi oder die Cloud.<\/p>\n<p>Parallels Desktop f\u00fcr Mac ist aktuell in Version 14 erh\u00e4ltlich. Das <a href=\"https:\/\/www.ifun.de\/parallels-desktop-14-schneller-und-verbesserte-speicheroptimierung-126157\/\" title=\"Parallels Desktop 14: Schneller und verbesserte Speicheroptimierung\">im August ver\u00f6ffentlichte Update<\/a> brachte neben vollst\u00e4ndiger Kompatibilit\u00e4t mit macOS Mojave den Entwicklern zufolge mehr als 50 neue Funktionen.<\/p>\n<blockquote>\n<p>Parallels und Corel teilen eine gemeinsame Vision, Marktf\u00fchrerschaft und Leidenschaft f\u00fcr Innovation. Wir freuen uns darauf, unseren Kunden und Partnern als Teil von Corel mit branchenf\u00fchrender Software zur Seite zu stehen.<\/p>\n<\/blockquote>\n","protected":false},"excerpt":{"rendered":"<a href=\"https:\/\/www.ifun.de\/aufgekauft-corel-uebernimmt-parallels-131550\/\"><img width=\"150\" height=\"150\" src=\"https:\/\/images.ifun.de\/wp-content\/uploads\/2018\/12\/corel-apps-150x150.jpg\" class=\"alignright tfe wp-post-image\" alt=\"Corel Apps\" decoding=\"async\" loading=\"lazy\" \/><\/a><p>Parallels f\u00e4hrt k\u00fcnftig unter neuer Flagge. Mit Corel hat ein altbekannter Software-Hersteller den vor allem f\u00fcr seine Virtualisierungssoftware Parallels Desktop bekannten Anbieter \u00fcbernommen. Corel hat sich bislang mit Anwendungen wie Corel Draw vor allem im Grafikbereich einen Namen gemacht. Corel will mit den Anwendungen Parallels Desktop f\u00fcr Mac, Parallels Toolbox f\u00fcr Windows und Mac, Parallels [&hellip;]<\/p>\n","protected":false},"author":2,"featured_media":131554,"comment_status":"open","ping_status":"closed","sticky":false,"template":"","format":"standard","meta":{"_acf_changed":false,"footnotes":""},"categories":[16],"tags":[1409,1241],"class_list":["post-131550","post","type-post","status-publish","format-standard","has-post-thumbnail","hentry","category-mac","tag-corel","tag-parallels"],"acf":[],"aioseo_notices":[],"subheadline":["Alle Anwendungen werden weiterentwickelt"],"featured_image":["https:\/\/images.ifun.de\/wp-content\/uploads\/2018\/12\/parallels-header.jpg"],"rest_api_enabler":{"subheadline":"Alle Anwendungen werden weiterentwickelt","featured_image":"https:\/\/images.ifun.de\/wp-content\/uploads\/2018\/12\/parallels-header.jpg"},"_links":{"self":[{"href":"https:\/\/www.ifun.de\/apiv2\/wp\/v2\/posts\/131550","targetHints":{"allow":["GET"]}}],"collection":[{"href":"https:\/\/www.ifun.de\/apiv2\/wp\/v2\/posts"}],"about":[{"href":"https:\/\/www.ifun.de\/apiv2\/wp\/v2\/types\/post"}],"author":[{"embeddable":true,"href":"https:\/\/www.ifun.de\/apiv2\/wp\/v2\/users\/2"}],"replies":[{"embeddable":true,"href":"https:\/\/www.ifun.de\/apiv2\/wp\/v2\/comments?post=131550"}],"version-history":[{"count":4,"href":"https:\/\/www.ifun.de\/apiv2\/wp\/v2\/posts\/131550\/revisions"}],"predecessor-version":[{"id":131557,"href":"https:\/\/www.ifun.de\/apiv2\/wp\/v2\/posts\/131550\/revisions\/131557"}],"wp:featuredmedia":[{"embeddable":true,"href":"https:\/\/www.ifun.de\/apiv2\/wp\/v2\/media\/131554"}],"wp:attachment":[{"href":"https:\/\/www.ifun.de\/apiv2\/wp\/v2\/media?parent=131550"}],"wp:term":[{"taxonomy":"category","embeddable":true,"href":"https:\/\/www.ifun.de\/apiv2\/wp\/v2\/categories?post=131550"},{"taxonomy":"post_tag","embeddable":true,"href":"https:\/\/www.ifun.de\/apiv2\/wp\/v2\/tags?post=131550"}],"curies":[{"name":"wp","href":"https:\/\/api.w.org\/{rel}","templated":true}]}}