{"id":131470,"date":"2018-12-19T14:37:18","date_gmt":"2018-12-19T13:37:18","guid":{"rendered":"https:\/\/www.ifun.de\/?p=131470"},"modified":"2018-12-20T09:42:21","modified_gmt":"2018-12-20T08:42:21","slug":"raum-zuordnungen-alexa-und-sonos-wachsen-weiter-zusammen","status":"publish","type":"post","link":"https:\/\/www.ifun.de\/raum-zuordnungen-alexa-und-sonos-wachsen-weiter-zusammen-131470\/","title":{"rendered":"Raum-Zuordnungen: Alexa und Sonos wachsen weiter zusammen"},"content":{"rendered":"<p>Der regelm\u00e4\u00dfige Blick in die Alexa-Applikation lohnt sich <a href=\"https:\/\/www.ifun.de\/alexa-erkennt-jetzt-unterschiedliche-stimmen-130873\/\">nicht nur f\u00fcr Wohngemeinschaften<\/a>, auch Sonos-Nutzer tun gut daran, die offizielle App zur Konfiguration des pers\u00f6nlichen Alexa-Setups regelm\u00e4\u00dfig auf Neuerungen zu pr\u00fcfen. <\/p>\n<p>So hat die <a rel=\"noindex, nofollow\" href=\"http:\/\/www.ifun.de\/app\/944011620\">Alexa-App<\/a> jetzt eine weitere Verbesserungen f\u00fcr Sonos-Nutzer implementiert. Nachdem sich die Sonos-Ger\u00e4te in der Alexa-App <a href=\"https:\/\/www.ifun.de\/sonos-und-alexa-endlich-bevorzugte-musiklautsprecher-festlegen-130160\/\">schon seit November<\/a> als bevorzugte Lautsprecher festlegen lassen, die einen, in einen Echo eingesprochenen Musikwunsch abspielen, ohne dass das Kommando jedes Mal um einen Raumnamen erg\u00e4nzt werden muss, stehen nun auch Raum-Zuordnungen zur Verf\u00fcgung. <\/p>\n<p><a href=\"https:\/\/images.ifun.de\/wp-content\/uploads\/2018\/12\/sonos-echo-raume.jpg\"><img loading=\"lazy\" decoding=\"async\" src=\"https:\/\/images.ifun.de\/wp-content\/uploads\/2018\/12\/sonos-echo-raume-681x700.jpg\" alt=\"Sonos Echo Raume\" width=\"681\" height=\"700\" class=\"aligncenter size-large wp-image-131471\" srcset=\"https:\/\/images.ifun.de\/wp-content\/uploads\/2018\/12\/sonos-echo-raume-681x700.jpg 681w, https:\/\/images.ifun.de\/wp-content\/uploads\/2018\/12\/sonos-echo-raume-487x500.jpg 487w, https:\/\/images.ifun.de\/wp-content\/uploads\/2018\/12\/sonos-echo-raume-768x789.jpg 768w, https:\/\/images.ifun.de\/wp-content\/uploads\/2018\/12\/sonos-echo-raume.jpg 1200w\" sizes=\"auto, (max-width: 681px) 100vw, 681px\" \/><\/a><\/p>\n<p>Jetzt lassen sich vorhandene Sonos-Lautsprecher mit Alexa-Integration (also der One und der Beam) nicht mehr nur in vorhandene R\u00e4ume aufnehmen, sondern <a href=\"https:\/\/old.reddit.com\/r\/sonos\/comments\/a7ihmj\/you_can_finally_tie_an_alexaenabled_sonos_device\/\">respektieren die Zuordnung<\/a> auch beim Umsetzen neuer Sprachbefehle. <\/p>\n<p>Soll hei\u00dfen: Ist der Sonos Beam etwa dem Schlafzimmer zugeordnet, schaltet dieser beim Kommando &#8222;Licht aus&#8220; zuk\u00fcnftig die Schlafzimmerbeleuchtung aus. Ein spezifisches &#8222;Licht aus im Schlafzimmer&#8220; ist nach der Raumzuordnung nicht mehr n\u00f6tig. <\/p>\n<!-- WP-Appbox (Version: 4.5.12 \/\/ Store: appstore \/\/ ID: 944011620) -->\t<!-- app-link -->\n\t<div id=\"article-single-app-preview\">\n\t\t<div id=\"article-single-app-preview-header\">\n\t\t\t<span class=\"title\">Laden im App Store<\/span>\n\t\t<\/div>\n\t\t<div id=\"article-single-app-preview-content\">\n\t\t\t<div id=\"article-single-app-preview-img\"><img loading=\"lazy\" decoding=\"async\" src=\"\/\/is1-ssl.mzstatic.com\/image\/thumb\/PurpleSource221\/v4\/fd\/7b\/8d\/fd7b8d41-e8f4-2432-0d38-2be7e0dfd474\/Placeholder.mill\/200x200bb-75.png\" alt=\"Amazon Alexa\"  height=\"72\" width=\"72\" class=\"asl-icon-img\" \/><\/div>\n\t\t\t<div id=\"article-single-app-preview-desc\">\n\t\t\t\t<span class=\"name\">Amazon Alexa<\/span><br \/>\n\t\t\t\t<span class=\"seller\">Entwickler: <a target=\"_blank\" rel=\"nofollow\" href=\"https:\/\/apps.apple.com\/de\/developer\/amzn-mobile-llc\/id297606954\">AMZN Mobile LLC<\/a><\/span>\n\t\t\t<\/div>\n\t\t\t<a target=\"_blank\" rel=\"nofollow\" href=\"https:\/\/apps.apple.com\/de\/app\/amazon-alexa\/id944011620\"><div id=\"article-single-app-preview-download\">Preis: Kostenlos<br \/>\n\t\t\t<span class=\"size\">Laden<\/span><\/div><\/a>\n\t\t<\/div>\n\t\t<!-- <div id=\"article-single-app-preview-footer\"><\/div>\t-->\n\t<\/div>\n\t<!-- app-link\/ende --><!-- \/WP-Appbox -->\n<h2>Alexa und Sonos bleiben beste Option<\/h2>\n<p>Wir haben <a href=\"https:\/\/www.ifun.de\/alexa-und-sonos-fuer-multiroom-musik-im-moment-einfach-die-beste-wahl-130328\/\">hier notiert<\/a>, warum wir der Meinung sind, dass die Kombination aus Alexa und Sonos f\u00fcr Multiroom-Musik im Moment einfach die beste Wahl ist. Die nun verf\u00fcgbaren Raum-Zuordnungen best\u00e4rken uns in dieser Meinung. <\/p>\n<p>Im Rahmen der <a href=\"https:\/\/amzn.to\/2QForWS\">Last-Minute-Angebote<\/a> verkauft Amazon zwei Sonos One derzeit zum <a href=\"https:\/\/amzn.to\/2SWh75N\">Paketpreis von 379 statt 420 Euro<\/a>.<\/p>\n<p><a href=\"https:\/\/amzn.to\/2SWh75N\"><img loading=\"lazy\" decoding=\"async\" src=\"https:\/\/images.ifun.de\/wp-content\/uploads\/2018\/12\/sonos-doppel-700x209.jpg\" alt=\"Sonos Doppel\" width=\"700\" height=\"209\" class=\"aligncenter size-large wp-image-131472\" srcset=\"https:\/\/images.ifun.de\/wp-content\/uploads\/2018\/12\/sonos-doppel-700x209.jpg 700w, https:\/\/images.ifun.de\/wp-content\/uploads\/2018\/12\/sonos-doppel-500x150.jpg 500w, https:\/\/images.ifun.de\/wp-content\/uploads\/2018\/12\/sonos-doppel-768x230.jpg 768w, https:\/\/images.ifun.de\/wp-content\/uploads\/2018\/12\/sonos-doppel.jpg 1070w\" sizes=\"auto, (max-width: 700px) 100vw, 700px\" \/><\/a><\/p>\n","protected":false},"excerpt":{"rendered":"<a href=\"https:\/\/www.ifun.de\/raum-zuordnungen-alexa-und-sonos-wachsen-weiter-zusammen-131470\/\"><img width=\"150\" height=\"150\" src=\"https:\/\/images.ifun.de\/wp-content\/uploads\/2018\/12\/sonos-doppel-150x150.jpg\" class=\"alignright tfe wp-post-image\" alt=\"Sonos Doppel\" decoding=\"async\" loading=\"lazy\" \/><\/a><p>Der regelm\u00e4\u00dfige Blick in die Alexa-Applikation lohnt sich nicht nur f\u00fcr Wohngemeinschaften, auch Sonos-Nutzer tun gut daran, die offizielle App zur Konfiguration des pers\u00f6nlichen Alexa-Setups regelm\u00e4\u00dfig auf Neuerungen zu pr\u00fcfen. So hat die Alexa-App jetzt eine weitere Verbesserungen f\u00fcr Sonos-Nutzer implementiert. Nachdem sich die Sonos-Ger\u00e4te in der Alexa-App schon seit November als bevorzugte Lautsprecher festlegen [&hellip;]<\/p>\n","protected":false},"author":1,"featured_media":131472,"comment_status":"open","ping_status":"closed","sticky":false,"template":"","format":"standard","meta":{"_acf_changed":false,"footnotes":""},"categories":[5,1783],"tags":[3208,44,1068,125,69],"class_list":["post-131470","post","type-post","status-publish","format-standard","has-post-thumbnail","hentry","category-apps","category-feature","tag-alexa","tag-app","tag-sonos","tag-tipp","tag-update"],"acf":[],"aioseo_notices":[],"featured_image":["https:\/\/images.ifun.de\/wp-content\/uploads\/2017\/10\/sonos-play-1-und-one.jpg"],"subheadline":["\"Licht aus\" statt \"Licht aus in K\u00fcche\""],"rest_api_enabler":{"featured_image":"https:\/\/images.ifun.de\/wp-content\/uploads\/2017\/10\/sonos-play-1-und-one.jpg","subheadline":"\"Licht aus\" statt \"Licht aus in K\u00fcche\""},"_links":{"self":[{"href":"https:\/\/www.ifun.de\/apiv2\/wp\/v2\/posts\/131470","targetHints":{"allow":["GET"]}}],"collection":[{"href":"https:\/\/www.ifun.de\/apiv2\/wp\/v2\/posts"}],"about":[{"href":"https:\/\/www.ifun.de\/apiv2\/wp\/v2\/types\/post"}],"author":[{"embeddable":true,"href":"https:\/\/www.ifun.de\/apiv2\/wp\/v2\/users\/1"}],"replies":[{"embeddable":true,"href":"https:\/\/www.ifun.de\/apiv2\/wp\/v2\/comments?post=131470"}],"version-history":[{"count":1,"href":"https:\/\/www.ifun.de\/apiv2\/wp\/v2\/posts\/131470\/revisions"}],"predecessor-version":[{"id":131473,"href":"https:\/\/www.ifun.de\/apiv2\/wp\/v2\/posts\/131470\/revisions\/131473"}],"wp:featuredmedia":[{"embeddable":true,"href":"https:\/\/www.ifun.de\/apiv2\/wp\/v2\/media\/131472"}],"wp:attachment":[{"href":"https:\/\/www.ifun.de\/apiv2\/wp\/v2\/media?parent=131470"}],"wp:term":[{"taxonomy":"category","embeddable":true,"href":"https:\/\/www.ifun.de\/apiv2\/wp\/v2\/categories?post=131470"},{"taxonomy":"post_tag","embeddable":true,"href":"https:\/\/www.ifun.de\/apiv2\/wp\/v2\/tags?post=131470"}],"curies":[{"name":"wp","href":"https:\/\/api.w.org\/{rel}","templated":true}]}}