{"id":13062,"date":"2011-06-09T08:20:51","date_gmt":"2011-06-09T06:20:51","guid":{"rendered":"http:\/\/www.ifun.de\/?p=13062"},"modified":"2011-06-09T08:20:51","modified_gmt":"2011-06-09T06:20:51","slug":"wie-ein-raumschiff-apples-zukunftiger-firmencampus","status":"publish","type":"post","link":"https:\/\/www.ifun.de\/wie-ein-raumschiff-apples-zukunftiger-firmencampus-13062\/","title":{"rendered":"&#8222;Wie ein Raumschiff&#8220;: Apples zuk\u00fcnftiger Firmencampus"},"content":{"rendered":"<p><img loading=\"lazy\" decoding=\"async\" src=\"http:\/\/images.ifun.de\/wp-content\/uploads\/2011\/06\/cupertino.jpg\" alt=\"\" title=\"cupertino\" width=\"230\" height=\"106\" class=\"alignright size-full wp-image-13063\" \/>Mit den Worten &#8222;Apple w\u00e4chst wie Unkraut&#8220; hat Steve Jobs eine Pr\u00e4sentation vor dem Stadtrat von Cupertino, dem Firmensitz von Apple eingeleitet. Der alte Firmencampus platzt aus allen N\u00e4hten, so plant das Unternehmen unweit des jetzigen Stammsitzes ein beeindruckendes neues Geb\u00e4ude mit Platz f\u00fcr 12.000 Mitarbeiter.<\/p>\n<p>Wer jetzt einen Mega-Tower erwartet liegt falsch: Apple plant ein nur vier Stockwerke hohes, riesiges kreisf\u00f6rmiges Geb\u00e4ude, dessen Optik Jobs ganz passend mit einem gelandeten Raumschiff vergleicht. Beachtenswert sind vor allem die umweltpolitischen Gedanken, die Jobs im Laufe der Pr\u00e4sentation darlegt. Aus momentan \u00fcberwiegend mit Parkpl\u00e4tzen bebauten Fl\u00e4chen macht Apple eine firmeneigene Parklandschaft &#8211; lediglich 20 Prozent des Grundst\u00fccks sollen am Ende \u00fcberbaut sein, mit einer Fertigstellung wird 2015 gerechnet. Das Video der Pr\u00e4sentation h\u00e4ngt unten an.<br \/>\n(Danke Volker + Felix) <\/p>\n<p><!--more--><div class=\"responsive-video\"><iframe loading=\"lazy\" width=\"464\" height=\"378\" src=\"http:\/\/www.youtube-nocookie.com\/embed\/gtuz5OmOh_M?rel=0\" frameborder=\"0\" allowfullscreen><\/iframe><\/div><\/p>\n","protected":false},"excerpt":{"rendered":"<a href=\"https:\/\/www.ifun.de\/wie-ein-raumschiff-apples-zukunftiger-firmencampus-13062\/\"><img width=\"150\" height=\"106\" src=\"https:\/\/images.ifun.de\/wp-content\/uploads\/2011\/06\/cupertino-150x106.jpg\" class=\"alignright tfe wp-post-image\" alt=\"\" decoding=\"async\" loading=\"lazy\" \/><\/a><p>Mit den Worten &#8222;Apple w\u00e4chst wie Unkraut&#8220; hat Steve Jobs eine Pr\u00e4sentation vor dem Stadtrat von Cupertino, dem Firmensitz von Apple eingeleitet. Der alte Firmencampus platzt aus allen N\u00e4hten, so plant das Unternehmen unweit des jetzigen Stammsitzes ein beeindruckendes neues Geb\u00e4ude mit Platz f\u00fcr 12.000 Mitarbeiter. Wer jetzt einen Mega-Tower erwartet liegt falsch: Apple plant [&hellip;]<\/p>\n","protected":false},"author":2,"featured_media":13063,"comment_status":"open","ping_status":"closed","sticky":false,"template":"","format":"standard","meta":{"_acf_changed":false,"footnotes":""},"categories":[3],"tags":[4736,462],"class_list":["post-13062","post","type-post","status-publish","format-standard","has-post-thumbnail","hentry","category-apple","tag-apple","tag-cupertino"],"acf":[],"aioseo_notices":[],"rest_api_enabler":[],"_links":{"self":[{"href":"https:\/\/www.ifun.de\/apiv2\/wp\/v2\/posts\/13062","targetHints":{"allow":["GET"]}}],"collection":[{"href":"https:\/\/www.ifun.de\/apiv2\/wp\/v2\/posts"}],"about":[{"href":"https:\/\/www.ifun.de\/apiv2\/wp\/v2\/types\/post"}],"author":[{"embeddable":true,"href":"https:\/\/www.ifun.de\/apiv2\/wp\/v2\/users\/2"}],"replies":[{"embeddable":true,"href":"https:\/\/www.ifun.de\/apiv2\/wp\/v2\/comments?post=13062"}],"version-history":[{"count":4,"href":"https:\/\/www.ifun.de\/apiv2\/wp\/v2\/posts\/13062\/revisions"}],"predecessor-version":[{"id":13067,"href":"https:\/\/www.ifun.de\/apiv2\/wp\/v2\/posts\/13062\/revisions\/13067"}],"wp:featuredmedia":[{"embeddable":true,"href":"https:\/\/www.ifun.de\/apiv2\/wp\/v2\/media\/13063"}],"wp:attachment":[{"href":"https:\/\/www.ifun.de\/apiv2\/wp\/v2\/media?parent=13062"}],"wp:term":[{"taxonomy":"category","embeddable":true,"href":"https:\/\/www.ifun.de\/apiv2\/wp\/v2\/categories?post=13062"},{"taxonomy":"post_tag","embeddable":true,"href":"https:\/\/www.ifun.de\/apiv2\/wp\/v2\/tags?post=13062"}],"curies":[{"name":"wp","href":"https:\/\/api.w.org\/{rel}","templated":true}]}}