{"id":130277,"date":"2018-11-23T12:50:01","date_gmt":"2018-11-23T11:50:01","guid":{"rendered":"https:\/\/www.ifun.de\/?p=130277"},"modified":"2018-11-23T12:50:01","modified_gmt":"2018-11-23T11:50:01","slug":"ipad-pro-auch-11-zoll-modell-ohne-geteilte-tastatur","status":"publish","type":"post","link":"https:\/\/www.ifun.de\/ipad-pro-auch-11-zoll-modell-ohne-geteilte-tastatur-130277\/","title":{"rendered":"iPad Pro: Auch 11-Zoll-Modell ohne &#8222;geteilte Tastatur&#8220;"},"content":{"rendered":"<p>Besitzer eines iPad Pro mit 11 Zoll Bildschirmgr\u00f6\u00dfe m\u00fcssen auf die Verwendung der <a href=\"https:\/\/help.apple.com\/ipad\/12\/?lang=de#\/iPad997da62f\">geteilten Tastatur f\u00fcr das iPad<\/a> verzichten. Apple hat nun best\u00e4tigt, dass die Funktion auch auf dem kleineren iPad Pro bewusst nicht verf\u00fcgbar ist.<\/p>\n<p>Auf dem iPad mit 12,9 Zoll Bildschirmgr\u00f6\u00dfe war es noch nie m\u00f6glich, die iPad-Tastatur durch Auseinanderziehen in zwei H\u00e4lften zu teilen. \u00dcber das Fehlen dieser Funktion auf dem 11-Zoll-Modell haben wir bereits <a href=\"https:\/\/www.ifun.de\/ipad-pro-notizen-pencil-spitzen-usb-c-kabel-und-eingabemodi-129577\/\">berichtet<\/a>, zun\u00e4chst war allerdings nicht klar, ob es sich hier m\u00f6glicherweise um ein Versehen seitens der Apple-Entwickler handelt.<\/p>\n<p><a href=\"https:\/\/images.ifun.de\/wp-content\/uploads\/2018\/11\/ipad-geteilte-tastatur-ios-12.jpg\"><img loading=\"lazy\" decoding=\"async\" src=\"https:\/\/images.ifun.de\/wp-content\/uploads\/2018\/11\/ipad-geteilte-tastatur-ios-12.jpg\" alt=\"Ipad Geteilte Tastatur Ios 12\" width=\"700\" height=\"272\" class=\"alignnone size-full wp-image-130282\" srcset=\"https:\/\/images.ifun.de\/wp-content\/uploads\/2018\/11\/ipad-geteilte-tastatur-ios-12.jpg 700w, https:\/\/images.ifun.de\/wp-content\/uploads\/2018\/11\/ipad-geteilte-tastatur-ios-12-500x194.jpg 500w\" sizes=\"auto, (max-width: 700px) 100vw, 700px\" \/><\/a><\/p>\n<blockquote>\n<p>Apple: Die geteilte Tastatur ist auf dem iPad Pro (12,9&quot;) und dem iPad Pro (11&quot;) nicht verf\u00fcgbar.<\/p>\n<\/blockquote>\n<p>Die geteilte Tastatur erm\u00f6glicht ein bequemes Tippen mit den Daumen, beispielsweise wenn man das iPad in H\u00e4nden h\u00e4lt. Alternativ zum Auseinanderziehen (dazu m\u00fcsst ihr die Finger kurz auf der Tastatur liegen lassen, bevor ihr zieht) kann man die Tastatur auch \u00fcber die Taste mit dem Tastatursymbol unten rechts teilen. Hier habt ihr neben dem Teilen auch die M\u00f6glichkeit, die Tastatur vom unteren Ende des Bildschirms loszul\u00f6sen sowie umgekehrt beides wieder r\u00fcckg\u00e4ngig zu machen.<\/p>\n<h2>QuickType f\u00fcr schnelle Ziffern und Sonderzeichen<\/h2>\n<p>An dieser Stelle wollen wir weniger versierte iPad-Nutzer auch nochmal auf die mit iOS 11 eingef\u00fchrte <a href=\"https:\/\/www.ifun.de\/quicktype-tastatur-fuer-das-ipad-schneller-tippen-unter-ios-11-108387\/\">QuickType-Tastatur<\/a> zum schnellen Schreiben von Ziffern und Sonderzeichen hinweisen.<\/p>\n<p><a href=\"https:\/\/images.ifun.de\/wp-content\/uploads\/2017\/06\/quicktype-ios-11-1.gif\"><img loading=\"lazy\" decoding=\"async\" src=\"https:\/\/images.ifun.de\/wp-content\/uploads\/2017\/06\/quicktype-ios-11-1.gif\" alt=\"Quicktype Ios 11\" width=\"700\" height=\"360\" class=\"alignnone size-full wp-image-108394\" \/><\/a><\/p>\n","protected":false},"excerpt":{"rendered":"<a href=\"https:\/\/www.ifun.de\/ipad-pro-auch-11-zoll-modell-ohne-geteilte-tastatur-130277\/\"><img width=\"150\" height=\"150\" src=\"https:\/\/images.ifun.de\/wp-content\/uploads\/2018\/11\/ipad-geteilte-tastatur-150x150.jpg\" class=\"alignright tfe wp-post-image\" alt=\"Ipad Geteilte Tastatur\" decoding=\"async\" loading=\"lazy\" \/><\/a><p>Besitzer eines iPad Pro mit 11 Zoll Bildschirmgr\u00f6\u00dfe m\u00fcssen auf die Verwendung der geteilten Tastatur f\u00fcr das iPad verzichten. Apple hat nun best\u00e4tigt, dass die Funktion auch auf dem kleineren iPad Pro bewusst nicht verf\u00fcgbar ist. Auf dem iPad mit 12,9 Zoll Bildschirmgr\u00f6\u00dfe war es noch nie m\u00f6glich, die iPad-Tastatur durch Auseinanderziehen in zwei H\u00e4lften [&hellip;]<\/p>\n","protected":false},"author":2,"featured_media":130284,"comment_status":"open","ping_status":"closed","sticky":false,"template":"","format":"standard","meta":{"_acf_changed":false,"footnotes":""},"categories":[10],"tags":[2486,348],"class_list":["post-130277","post","type-post","status-publish","format-standard","has-post-thumbnail","hentry","category-ipad","tag-ipad-pro","tag-tastatur"],"acf":[],"aioseo_notices":[],"featured_image":["https:\/\/images.ifun.de\/wp-content\/uploads\/2018\/11\/ipad-geteilte-tastatur.jpg"],"subheadline":["iOS-Komfort-Funktion nicht f\u00fcr Pro-Nutzer"],"rest_api_enabler":{"featured_image":"https:\/\/images.ifun.de\/wp-content\/uploads\/2018\/11\/ipad-geteilte-tastatur.jpg","subheadline":"iOS-Komfort-Funktion nicht f\u00fcr Pro-Nutzer"},"_links":{"self":[{"href":"https:\/\/www.ifun.de\/apiv2\/wp\/v2\/posts\/130277","targetHints":{"allow":["GET"]}}],"collection":[{"href":"https:\/\/www.ifun.de\/apiv2\/wp\/v2\/posts"}],"about":[{"href":"https:\/\/www.ifun.de\/apiv2\/wp\/v2\/types\/post"}],"author":[{"embeddable":true,"href":"https:\/\/www.ifun.de\/apiv2\/wp\/v2\/users\/2"}],"replies":[{"embeddable":true,"href":"https:\/\/www.ifun.de\/apiv2\/wp\/v2\/comments?post=130277"}],"version-history":[{"count":7,"href":"https:\/\/www.ifun.de\/apiv2\/wp\/v2\/posts\/130277\/revisions"}],"predecessor-version":[{"id":130286,"href":"https:\/\/www.ifun.de\/apiv2\/wp\/v2\/posts\/130277\/revisions\/130286"}],"wp:featuredmedia":[{"embeddable":true,"href":"https:\/\/www.ifun.de\/apiv2\/wp\/v2\/media\/130284"}],"wp:attachment":[{"href":"https:\/\/www.ifun.de\/apiv2\/wp\/v2\/media?parent=130277"}],"wp:term":[{"taxonomy":"category","embeddable":true,"href":"https:\/\/www.ifun.de\/apiv2\/wp\/v2\/categories?post=130277"},{"taxonomy":"post_tag","embeddable":true,"href":"https:\/\/www.ifun.de\/apiv2\/wp\/v2\/tags?post=130277"}],"curies":[{"name":"wp","href":"https:\/\/api.w.org\/{rel}","templated":true}]}}