{"id":130128,"date":"2018-11-21T09:44:59","date_gmt":"2018-11-21T08:44:59","guid":{"rendered":"https:\/\/www.ifun.de\/?p=130128"},"modified":"2018-11-21T10:20:50","modified_gmt":"2018-11-21T09:20:50","slug":"macbook-pro-warum-ist-das-trackpad-so-gross","status":"publish","type":"post","link":"https:\/\/www.ifun.de\/macbook-pro-warum-ist-das-trackpad-so-gross-130128\/","title":{"rendered":"MacBook Pro: Warum ist das Trackpad so gro\u00df?"},"content":{"rendered":"<p>Gut zwei Jahre ist es nun her, seit Apple das <a href=\"http:\/\/ifun.de\/applestore\/http:\/\/www.apple.com\/de\/macbook-pro\">MacBook Pro<\/a> in seiner aktuellen Form vorgestellt hat. Seither war mit Blick auf das Ger\u00e4t lautstarke Kritik vor allem mit Blick auf die neue Tastatur und den Funktionstasten-Ersatz Touch Bar zu h\u00f6ren &#8211; was mich allerdings mindestens ebenso nervt, ist das \u00fcbergro\u00dfe Trackpad der Ger\u00e4te.<\/p>\n<p><a href=\"https:\/\/images.ifun.de\/wp-content\/uploads\/2018\/11\/macbook-pro.jpg\"><img loading=\"lazy\" decoding=\"async\" src=\"https:\/\/images.ifun.de\/wp-content\/uploads\/2018\/11\/macbook-pro.jpg\" alt=\"Macbook Pro\" width=\"500\" height=\"284\" class=\"alignnone size-full wp-image-130131\" \/><\/a><\/p>\n<p>Voller Stolz hat Apple damals von \u201edeutlich gr\u00f6\u00dferen Force Touch Trackpads \u2013 46 Prozent gr\u00f6\u00dfer auf dem 13&quot; MacBook Pro und doppelt so gro\u00df auf dem 15&quot; MacBook Pro\u201c gesprochen. Die Erkl\u00e4rung, wof\u00fcr ein derart gro\u00dfes Trackpad gut sein soll, blieb uns der Hersteller allerdings schuldig. In der Folge geh\u00f6ren versehentliche Fehlbedienungen bei vielen Besitzern der Ger\u00e4te zur Tagesordnung. Die Handballen lassen sich beim Schreiben nicht mehr seitlich vom Trackpad halten, die Folge sind Eingabefehler durch einen springenden Cursor oder fehlerhafte Force-Touch-Eingaben.<\/p>\n<p>Mit schr\u00e4gen Tipps versprechend Nutzer in Internetforen Abhilfe, teils ist gar vom Abkleben der betroffenen Trackpad-Bereiche mit Klebeband die Rede. Dergleichen halten wir allerdings f\u00fcr wenig zielgerichtet. Wenigstens gegen versehentliche Force-Touch-Eingaben kann man sich wehren, nicht wenige Besitzer eines MacBook Pro haben diese Option \u00fcber die Systemeinstellungen mittlerweile komplett deaktiviert.<\/p>\n<p>Apple hat mit vergangenen Software-Updates zwar auch softwareseitig nachgebessert und die Handballen-Erkennung optimiert. G\u00e4nzlich l\u00e4sst sich die Fehlbedienung aber weiterhin nicht ausschlie\u00dfen und auch unsere eingehende Frage nach dem Sinn der gro\u00dfen Eingabefl\u00e4che bleibt unbeantwortet &#8211; eure Pro-Argumente sind selbstverst\u00e4ndlich willkommen. Anf\u00e4ngliche Spekulationen, das gro\u00dfe Trackpad k\u00f6nne sich ja in Kombination mit einem Apple Pencil auch als Ersatz f\u00fcr ein Grafiktablet nutzen lassen (Apple hat sich dies <a href=\"https:\/\/www.ifun.de\/apple-pencil-apple-patent-sieht-einsatz-am-mac-vor-95412\/\">patentieren lassen<\/a>), wurden jedenfalls nicht best\u00e4tigt. Drittanbieter haben dergleichen bereits in der Vergangenheit ohne gro\u00dfen Erfolg <a href=\"https:\/\/www.ifun.de\/inklet-macht-apples-force-touch-trackpad-zum-zeichentablett-74798\/\">versucht<\/a>.<img loading=\"lazy\" decoding=\"async\" src=\"https:\/\/vg05.met.vgwort.de\/na\/83f577d8e518409284c13896b042ab73\" width=\"1\" height=\"1\" class=\"tracking\"><\/p>\n","protected":false},"excerpt":{"rendered":"<a href=\"https:\/\/www.ifun.de\/macbook-pro-warum-ist-das-trackpad-so-gross-130128\/\"><img width=\"150\" height=\"150\" src=\"https:\/\/images.ifun.de\/wp-content\/uploads\/2018\/11\/macbook-pro-150x150.jpg\" class=\"alignright tfe wp-post-image\" alt=\"Macbook Pro\" decoding=\"async\" loading=\"lazy\" \/><\/a><p>Gut zwei Jahre ist es nun her, seit Apple das MacBook Pro in seiner aktuellen Form vorgestellt hat. Seither war mit Blick auf das Ger\u00e4t lautstarke Kritik vor allem mit Blick auf die neue Tastatur und den Funktionstasten-Ersatz Touch Bar zu h\u00f6ren &#8211; was mich allerdings mindestens ebenso nervt, ist das \u00fcbergro\u00dfe Trackpad der Ger\u00e4te. [&hellip;]<\/p>\n","protected":false},"author":2,"featured_media":130131,"comment_status":"open","ping_status":"closed","sticky":false,"template":"","format":"standard","meta":{"_acf_changed":false,"footnotes":""},"categories":[16],"tags":[224],"class_list":["post-130128","post","type-post","status-publish","format-standard","has-post-thumbnail","hentry","category-mac","tag-macbook-pro"],"acf":[],"aioseo_notices":[],"subheadline":["Fehleingaben durch aufliegende H\u00e4nde"],"featured_image":["https:\/\/images.ifun.de\/wp-content\/uploads\/2018\/11\/macbook-pro-trackpad.jpg"],"rest_api_enabler":{"subheadline":"Fehleingaben durch aufliegende H\u00e4nde","featured_image":"https:\/\/images.ifun.de\/wp-content\/uploads\/2018\/11\/macbook-pro-trackpad.jpg"},"_links":{"self":[{"href":"https:\/\/www.ifun.de\/apiv2\/wp\/v2\/posts\/130128","targetHints":{"allow":["GET"]}}],"collection":[{"href":"https:\/\/www.ifun.de\/apiv2\/wp\/v2\/posts"}],"about":[{"href":"https:\/\/www.ifun.de\/apiv2\/wp\/v2\/types\/post"}],"author":[{"embeddable":true,"href":"https:\/\/www.ifun.de\/apiv2\/wp\/v2\/users\/2"}],"replies":[{"embeddable":true,"href":"https:\/\/www.ifun.de\/apiv2\/wp\/v2\/comments?post=130128"}],"version-history":[{"count":6,"href":"https:\/\/www.ifun.de\/apiv2\/wp\/v2\/posts\/130128\/revisions"}],"predecessor-version":[{"id":130137,"href":"https:\/\/www.ifun.de\/apiv2\/wp\/v2\/posts\/130128\/revisions\/130137"}],"wp:featuredmedia":[{"embeddable":true,"href":"https:\/\/www.ifun.de\/apiv2\/wp\/v2\/media\/130131"}],"wp:attachment":[{"href":"https:\/\/www.ifun.de\/apiv2\/wp\/v2\/media?parent=130128"}],"wp:term":[{"taxonomy":"category","embeddable":true,"href":"https:\/\/www.ifun.de\/apiv2\/wp\/v2\/categories?post=130128"},{"taxonomy":"post_tag","embeddable":true,"href":"https:\/\/www.ifun.de\/apiv2\/wp\/v2\/tags?post=130128"}],"curies":[{"name":"wp","href":"https:\/\/api.w.org\/{rel}","templated":true}]}}