{"id":130078,"date":"2018-11-20T12:31:17","date_gmt":"2018-11-20T11:31:17","guid":{"rendered":"https:\/\/www.ifun.de\/?p=130078"},"modified":"2018-11-20T12:31:32","modified_gmt":"2018-11-20T11:31:32","slug":"videoschnitt-am-ipad-pro-20-minuten-mit-lumafusion","status":"publish","type":"post","link":"https:\/\/www.ifun.de\/videoschnitt-am-ipad-pro-20-minuten-mit-lumafusion-130078\/","title":{"rendered":"Videoschnitt am iPad Pro: 20 Minuten mit LumaFusion"},"content":{"rendered":"<p>W\u00e4hrend professionelle Anwender Apple vorwerfen, das neue iPad Pro als Alternative zum Rechner selbst nicht wirklich als ernst zu nehmen &#8211; iPad-Anwender k\u00f6nnen bekanntlich nicht zu Apples Profi-Anwendungen &#8222;Logic Pro X&#8220; und &#8222;Final Cut Pro X&#8220; greifen, sondern m\u00fcssen mit den schlanken Amateur-Apps &#8222;Garageband&#8220; und &#8222;iMovie&#8220; Vorlieb nehmen &#8211; unterstreicht Apples <a href=\"https:\/\/www.youtube.com\/watch?v=tUQK7DMys54\">aktuelle Video-Kampagne<\/a> das Gegenteil. <\/p>\n<p><a href=\"https:\/\/images.ifun.de\/wp-content\/uploads\/2018\/11\/ipad-luma.jpg\"><img loading=\"lazy\" decoding=\"async\" src=\"https:\/\/images.ifun.de\/wp-content\/uploads\/2018\/11\/ipad-luma-500x321.jpg\" alt=\"Ipad Luma\" width=\"500\" height=\"321\" class=\"aligncenter size-medium wp-image-130080\" srcset=\"https:\/\/images.ifun.de\/wp-content\/uploads\/2018\/11\/ipad-luma-500x321.jpg 500w, https:\/\/images.ifun.de\/wp-content\/uploads\/2018\/11\/ipad-luma-768x493.jpg 768w, https:\/\/images.ifun.de\/wp-content\/uploads\/2018\/11\/ipad-luma-700x449.jpg 700w, https:\/\/images.ifun.de\/wp-content\/uploads\/2018\/11\/ipad-luma.jpg 1000w\" sizes=\"auto, (max-width: 500px) 100vw, 500px\" \/><\/a><\/p>\n<p>Unter der \u00dcberschrift &#8222;5 Gr\u00fcnde, warum das iPad Pro dein n\u00e4chster Computer sein kann&#8220;, verweist Apple unter anderem auf die Geschwindigkeit des iPads, die verf\u00fcgbaren Apps, die mobile Handlichkeit und den Apple Pencil, um die n\u00e4chste Anwender-Generation davon zu \u00fcberzeugen, Trackpad und Tastatur gegen Touchscreen und Pencil einzutauschen.<\/p>\n<p>Diese tut sich jedoch nach wie vor schwer, ihre Rechner f\u00fcr Apples Tablet aufzugeben. Erst k\u00fcrzlich etwa gab Nilay Patel, Chefredakteur des Technik-Portals The Verge <a href=\"https:\/\/twitter.com\/reckless\/status\/1059654902807490560\">zu Protokoll<\/a>: Die Anfang November ver\u00f6ffentlichte <a href=\"https:\/\/www.theverge.com\/2018\/11\/5\/18062612\/apple-ipad-pro-review-2018-screen-usb-c-pencil-price-features\">Video-Rezension<\/a> des iPad Pro h\u00e4tte man beim besten Willen nicht auf dem iPad Pro selbst erstellen k\u00f6nnen. <\/p>\n<p>Eine Behauptung, der Jonathan Morrison jetzt <a href=\"http:\/\/youtu.be\/-ZpsliNmJLo\">diese<\/a> 20-min\u00fctige Video-Demonstration entgegensetzt. So hat der Filmemacher <a href=\"https:\/\/www.youtube.com\/watch?v=pJMIzVLcShs&#038;feature=youtu.be\">ein Unboxing-Video<\/a> der Nintendo Switch Pokemon-Edition komplett am iPad Pro mit LumaFusion bearbeitet und zeigt den Einsatz der <a href=\"https:\/\/www.ifun.de\/beeindruckendes-ipad-werkzeug-die-videoschnitt-app-lumafusion-109526\/\">unglaublich umfangreichen<\/a> Applikation in dem eingebetteten Video. <\/p>\n<blockquote><p>Video editing on the iPad Pro? I thought it&#8217;d be a fun\/stupid idea to try and edit an entire video from start to finish on the 2018 iPad Pro and honestly, it surprised me big time. <\/p><\/blockquote>\n<!-- WP-Appbox (Version: 4.5.12 \/\/ Store: appstore \/\/ ID: 1062022008) -->\t<!-- app-link -->\n\t<div id=\"article-single-app-preview\">\n\t\t<div id=\"article-single-app-preview-header\">\n\t\t\t<span class=\"title\">Laden im App Store<\/span>\n\t\t<\/div>\n\t\t<div id=\"article-single-app-preview-content\">\n\t\t\t<div id=\"article-single-app-preview-img\"><img loading=\"lazy\" decoding=\"async\" src=\"\/\/is1-ssl.mzstatic.com\/image\/thumb\/PurpleSource221\/v4\/22\/a7\/1d\/22a71d54-76be-b990-fa70-508650c802eb\/Placeholder.mill\/200x200bb-75.png\" alt=\"LumaFusion\"  height=\"72\" width=\"72\" class=\"asl-icon-img\" \/><\/div>\n\t\t\t<div id=\"article-single-app-preview-desc\">\n\t\t\t\t<span class=\"name\">LumaFusion<\/span><br \/>\n\t\t\t\t<span class=\"seller\">Entwickler: <a target=\"_blank\" rel=\"nofollow\" href=\"https:\/\/apps.apple.com\/de\/developer\/luma-touch-llc\/id920136490\">Luma Touch LLC<\/a><\/span>\n\t\t\t<\/div>\n\t\t\t<a target=\"_blank\" rel=\"nofollow\" href=\"https:\/\/apps.apple.com\/de\/app\/lumafusion\/id1062022008\"><div id=\"article-single-app-preview-download\">Preis: 29,99\u00a0\u20ac<sup>+<\/sup><br \/>\n\t\t\t<span class=\"size\">Laden<\/span><\/div><\/a>\n\t\t<\/div>\n\t\t<!-- <div id=\"article-single-app-preview-footer\"><\/div>\t-->\n\t<\/div>\n\t<!-- app-link\/ende --><!-- \/WP-Appbox -->\n<p><div class=\"responsive-video\"><iframe loading=\"lazy\" width=\"700\" height=\"371\" src=\"https:\/\/www.youtube-nocookie.com\/embed\/-ZpsliNmJLo\" frameborder=\"0\" allowfullscreen><\/iframe><\/div><\/p>\n","protected":false},"excerpt":{"rendered":"<a href=\"https:\/\/www.ifun.de\/videoschnitt-am-ipad-pro-20-minuten-mit-lumafusion-130078\/\"><img width=\"150\" height=\"150\" src=\"https:\/\/images.ifun.de\/wp-content\/uploads\/2018\/11\/videoschnitt-150x150.jpg\" class=\"alignright tfe wp-post-image\" alt=\"Videoschnitt\" decoding=\"async\" loading=\"lazy\" \/><\/a><p>W\u00e4hrend professionelle Anwender Apple vorwerfen, das neue iPad Pro als Alternative zum Rechner selbst nicht wirklich als ernst zu nehmen &#8211; iPad-Anwender k\u00f6nnen bekanntlich nicht zu Apples Profi-Anwendungen &#8222;Logic Pro X&#8220; und &#8222;Final Cut Pro X&#8220; greifen, sondern m\u00fcssen mit den schlanken Amateur-Apps &#8222;Garageband&#8220; und &#8222;iMovie&#8220; Vorlieb nehmen &#8211; unterstreicht Apples aktuelle Video-Kampagne das Gegenteil. [&hellip;]<\/p>\n","protected":false},"author":1,"featured_media":130081,"comment_status":"open","ping_status":"closed","sticky":false,"template":"","format":"standard","meta":{"_acf_changed":false,"footnotes":""},"categories":[20],"tags":[4740,4337,1511],"class_list":["post-130078","post","type-post","status-publish","format-standard","has-post-thumbnail","hentry","category-videos","tag-ipad","tag-lumafusion","tag-videoschnitt"],"acf":[],"aioseo_notices":[],"subheadline":["Professionell eingesetzt"],"featured_image":["https:\/\/images.ifun.de\/wp-content\/uploads\/2018\/11\/videoschnitt.jpg"],"rest_api_enabler":{"subheadline":"Professionell eingesetzt","featured_image":"https:\/\/images.ifun.de\/wp-content\/uploads\/2018\/11\/videoschnitt.jpg"},"_links":{"self":[{"href":"https:\/\/www.ifun.de\/apiv2\/wp\/v2\/posts\/130078","targetHints":{"allow":["GET"]}}],"collection":[{"href":"https:\/\/www.ifun.de\/apiv2\/wp\/v2\/posts"}],"about":[{"href":"https:\/\/www.ifun.de\/apiv2\/wp\/v2\/types\/post"}],"author":[{"embeddable":true,"href":"https:\/\/www.ifun.de\/apiv2\/wp\/v2\/users\/1"}],"replies":[{"embeddable":true,"href":"https:\/\/www.ifun.de\/apiv2\/wp\/v2\/comments?post=130078"}],"version-history":[{"count":2,"href":"https:\/\/www.ifun.de\/apiv2\/wp\/v2\/posts\/130078\/revisions"}],"predecessor-version":[{"id":130082,"href":"https:\/\/www.ifun.de\/apiv2\/wp\/v2\/posts\/130078\/revisions\/130082"}],"wp:featuredmedia":[{"embeddable":true,"href":"https:\/\/www.ifun.de\/apiv2\/wp\/v2\/media\/130081"}],"wp:attachment":[{"href":"https:\/\/www.ifun.de\/apiv2\/wp\/v2\/media?parent=130078"}],"wp:term":[{"taxonomy":"category","embeddable":true,"href":"https:\/\/www.ifun.de\/apiv2\/wp\/v2\/categories?post=130078"},{"taxonomy":"post_tag","embeddable":true,"href":"https:\/\/www.ifun.de\/apiv2\/wp\/v2\/tags?post=130078"}],"curies":[{"name":"wp","href":"https:\/\/api.w.org\/{rel}","templated":true}]}}