{"id":129988,"date":"2018-11-19T08:04:23","date_gmt":"2018-11-19T07:04:23","guid":{"rendered":"https:\/\/www.ifun.de\/?p=129988"},"modified":"2018-11-19T08:06:11","modified_gmt":"2018-11-19T07:06:11","slug":"mac-mini-und-macbook-air-apple-aktualisiert-kompatibilitaetsinfos-der-lg-bildschirme","status":"publish","type":"post","link":"https:\/\/www.ifun.de\/mac-mini-und-macbook-air-apple-aktualisiert-kompatibilitaetsinfos-der-lg-bildschirme-129988\/","title":{"rendered":"Mac mini und MacBook Air: Apple aktualisiert Kompatibilit\u00e4tsinfos der LG-Bildschirme"},"content":{"rendered":"<p>Voraussichtlich im kommenden Jahr wird Apple wieder einen eigenen Bildschirm als Zubeh\u00f6r f\u00fcr den Mac mini und den Mac Pro anbieten. Bis dahin m\u00fcssen Kunden mit Produkten von anderen Herstellern vorlieb nehmen, Apple empfiehlt hier die beiden LG-Bildschirme <a href=\"https:\/\/ifun.de\/applestore\/http:\/\/store.apple.com\/de\/go\/product\/HKMY2\">LG UltraFine 4K Display<\/a> und <a href=\"https:\/\/ifun.de\/applestore\/http:\/\/store.apple.com\/de\/go\/product\/HKN62\">LG UltraFine 5K Display<\/a> und war vor deren Markteinf\u00fchrung auch an der Entwicklung der Ger\u00e4te beteiligt. Mit Blick auf die in diesem Jahr neu vorgestellten Rechner wurden nun auch die technischen Informationen zu den beiden Bildschirmen aktualisiert.<\/p>\n<p>Das <a href=\"https:\/\/support.apple.com\/en-us\/HT207448\">neue Produktblatt zum 5K-Display<\/a> listet nun auch den neuen Mac mini und das neue MacBook Air unter jenen Ger\u00e4ten, an denen sich der Bildschirm mit der vollen 5K-Aufl\u00f6sung (5120 x 2880 Pixel) und einer Frequenz von 60 Hz. Dies war auch von Apple so angek\u00fcndigt war, aber es ist erw\u00e4hnenswert, dass der iMac Pro und das MacBook Pro ab 2016 die einzigen Apple-Rechner bleiben, die den gleichzeitigen Anschluss von zwei 5K-Bildschirmen unterst\u00fctzen.<\/p>\n<p><a href=\"https:\/\/images.ifun.de\/wp-content\/uploads\/2018\/10\/macbook-air-2018-bildschirm.jpg\"><img loading=\"lazy\" decoding=\"async\" src=\"https:\/\/images.ifun.de\/wp-content\/uploads\/2018\/10\/macbook-air-2018-bildschirm.jpg\" alt=\"Macbook Air 2018 Bildschirm\" width=\"700\" height=\"438\" class=\"alignnone size-full wp-image-129119\" srcset=\"https:\/\/images.ifun.de\/wp-content\/uploads\/2018\/10\/macbook-air-2018-bildschirm.jpg 700w, https:\/\/images.ifun.de\/wp-content\/uploads\/2018\/10\/macbook-air-2018-bildschirm-300x188.jpg 300w\" sizes=\"auto, (max-width: 700px) 100vw, 700px\" \/><\/a><\/p>\n<p>Nat\u00fcrlich l\u00e4sst sich auch das kleinere 4K-Display an den neuen Macs mit voller Aufl\u00f6sung betreiben, in diesem Fall sind es maximal 4096 x 2304 Pixel mit 60Hz. Apple hat auch hier die <a href=\"https:\/\/support.apple.com\/en-us\/HT207447\">Produktinformationen<\/a> entsprechend aktualisiert und wir wollen an dieser Stelle noch auf den feinen Unterschied mit Blick auf die USB-C-Ladefunktion der Ger\u00e4te hinweisen. Die im 4K-Display integrierte Stromversorgung liefert lediglich bis zu bis zu 60 Watt Leistung und kann demnach offiziell zwar das neue MacBook Air und das MacBook Pro 13\u201c, aber keine Ger\u00e4te mit 15-Zoll-Bildschirm laden. Das LG UltraFine 5K Display hat dagegen eine Ladefunktion mit 85 Watt analog zu der Leistung der bei den gro\u00dfen MacBook-Pro-Modellen mitgelieferten Netzteile integriert. Unterm Strich f\u00fcllt sich der Akku eines MacBook Pro 15\u201c aber auch \u00fcber 60 Watt, es dauert dann halt ein wenig l\u00e4nger.<img loading=\"lazy\" decoding=\"async\" src=\"https:\/\/vg05.met.vgwort.de\/na\/10996d902388458cb0199dc1332407d5\" width=\"1\" height=\"1\" class=\"tracking\"><\/p>\n","protected":false},"excerpt":{"rendered":"<a href=\"https:\/\/www.ifun.de\/mac-mini-und-macbook-air-apple-aktualisiert-kompatibilitaetsinfos-der-lg-bildschirme-129988\/\"><img width=\"150\" height=\"150\" src=\"https:\/\/images.ifun.de\/wp-content\/uploads\/2018\/10\/macbook-air-2018-bildschirm-150x150.jpg\" class=\"alignright tfe wp-post-image\" alt=\"Macbook Air 2018 Bildschirm\" decoding=\"async\" loading=\"lazy\" \/><\/a><p>Voraussichtlich im kommenden Jahr wird Apple wieder einen eigenen Bildschirm als Zubeh\u00f6r f\u00fcr den Mac mini und den Mac Pro anbieten. Bis dahin m\u00fcssen Kunden mit Produkten von anderen Herstellern vorlieb nehmen, Apple empfiehlt hier die beiden LG-Bildschirme LG UltraFine 4K Display und LG UltraFine 5K Display und war vor deren Markteinf\u00fchrung auch an der [&hellip;]<\/p>\n","protected":false},"author":2,"featured_media":129119,"comment_status":"open","ping_status":"closed","sticky":false,"template":"","format":"standard","meta":{"_acf_changed":false,"footnotes":""},"categories":[22],"tags":[4332,241,6321],"class_list":["post-129988","post","type-post","status-publish","format-standard","has-post-thumbnail","hentry","category-zubehor","tag-5k-aufloesung","tag-bildschirm","tag-mac"],"acf":[],"aioseo_notices":[],"subheadline":["5120 x 2880 Pixel und 60 Hz"],"featured_image":["https:\/\/images.ifun.de\/wp-content\/uploads\/2018\/10\/mac-mini.jpg"],"rest_api_enabler":{"subheadline":"5120 x 2880 Pixel und 60 Hz","featured_image":"https:\/\/images.ifun.de\/wp-content\/uploads\/2018\/10\/mac-mini.jpg"},"_links":{"self":[{"href":"https:\/\/www.ifun.de\/apiv2\/wp\/v2\/posts\/129988","targetHints":{"allow":["GET"]}}],"collection":[{"href":"https:\/\/www.ifun.de\/apiv2\/wp\/v2\/posts"}],"about":[{"href":"https:\/\/www.ifun.de\/apiv2\/wp\/v2\/types\/post"}],"author":[{"embeddable":true,"href":"https:\/\/www.ifun.de\/apiv2\/wp\/v2\/users\/2"}],"replies":[{"embeddable":true,"href":"https:\/\/www.ifun.de\/apiv2\/wp\/v2\/comments?post=129988"}],"version-history":[{"count":4,"href":"https:\/\/www.ifun.de\/apiv2\/wp\/v2\/posts\/129988\/revisions"}],"predecessor-version":[{"id":129992,"href":"https:\/\/www.ifun.de\/apiv2\/wp\/v2\/posts\/129988\/revisions\/129992"}],"wp:featuredmedia":[{"embeddable":true,"href":"https:\/\/www.ifun.de\/apiv2\/wp\/v2\/media\/129119"}],"wp:attachment":[{"href":"https:\/\/www.ifun.de\/apiv2\/wp\/v2\/media?parent=129988"}],"wp:term":[{"taxonomy":"category","embeddable":true,"href":"https:\/\/www.ifun.de\/apiv2\/wp\/v2\/categories?post=129988"},{"taxonomy":"post_tag","embeddable":true,"href":"https:\/\/www.ifun.de\/apiv2\/wp\/v2\/tags?post=129988"}],"curies":[{"name":"wp","href":"https:\/\/api.w.org\/{rel}","templated":true}]}}