{"id":129876,"date":"2018-11-15T13:00:32","date_gmt":"2018-11-15T12:00:32","guid":{"rendered":"https:\/\/www.ifun.de\/?p=129876"},"modified":"2018-11-15T13:00:32","modified_gmt":"2018-11-15T12:00:32","slug":"macbook-pro-jetzt-auch-mit-radeon-pro-vega-grafik-erhaeltlich","status":"publish","type":"post","link":"https:\/\/www.ifun.de\/macbook-pro-jetzt-auch-mit-radeon-pro-vega-grafik-erhaeltlich-129876\/","title":{"rendered":"MacBook Pro jetzt auch mit Radeon Pro Vega Grafik erh\u00e4ltlich"},"content":{"rendered":"<p>Apple bietet das <a href=\"https:\/\/ifun.de\/applestore\/https:\/\/www.apple.com\/de\/macbook-pro\/\">MacBook Pro<\/a> jetzt auch optional mit \u201e<a href=\"https:\/\/www.amd.com\/de\/graphics\/workstations-radeon-pro-vega\">Radeon Pro Vega<\/a>\u201c-Grafikl\u00f6sungen von AMD an. Die beiden neuen Varianten werden nur f\u00fcr das 15-Zoll-Ger\u00e4t mit 2,6-GHz-Prozessor angeboten, zur Wahl stehen die Radeon Pro Vega 16 gegen 300 Euro Aufpreis und die Radeon Pro Vega 20 gegen 420 Euro Aufpreis. Standardm\u00e4\u00dfig ist das Ger\u00e4t mit einer Radeon Pro 560X ausgestattet.<\/p>\n<p>AMD bewirbt seine Radeon-Pro-Vega-Serie hochmoderne und f\u00fcr die Handhabung gro\u00dfer Datens\u00e4tze und unterschiedlichster Aufgaben konzipierte Grafikl\u00f6sung unter anderem f\u00fcr Echtzeit-Grafikanwendungen und Spiele.<\/p>\n<p><a href=\"https:\/\/images.ifun.de\/wp-content\/uploads\/2018\/11\/macbook-pro-radeon-vega-grafik.jpg\"><img loading=\"lazy\" decoding=\"async\" src=\"https:\/\/images.ifun.de\/wp-content\/uploads\/2018\/11\/macbook-pro-radeon-vega-grafik-700x269.jpg\" alt=\"Macbook Pro Radeon Vega Grafik\" width=\"700\" height=\"269\" class=\"alignnone size-large wp-image-129880\" srcset=\"https:\/\/images.ifun.de\/wp-content\/uploads\/2018\/11\/macbook-pro-radeon-vega-grafik.jpg 700w, https:\/\/images.ifun.de\/wp-content\/uploads\/2018\/11\/macbook-pro-radeon-vega-grafik-500x192.jpg 500w\" sizes=\"auto, (max-width: 700px) 100vw, 700px\" \/><\/a><\/p>\n<p>Apple hat die jetzt im Apple Store verf\u00fcgbare Erweiterung bereits Ende vergangenen Monats im Rahmen der Vorstellung des neuen MacBook Air angek\u00fcndigt:<\/p>\n<blockquote>\n<p>Apple hat heute auch neue Grafikoptionen f\u00fcr das MacBook Pro angek\u00fcndigt, die erstmals leistungsstarke Radeon Pro Vega-Grafik in das MacBook Pro bringen. Diese neuen Grafikoptionen bieten eine bis zu 60 Prozent schnellere Grafikleistung f\u00fcr anspruchsvollste Videobearbeitung, 3D-Design und Rendering-Workloads.<\/p>\n<\/blockquote>\n<p>Die g\u00fcnstigste Variante des neuen MacBook Air mit Radeon-Pro-Vega-Grafik l\u00e4sst sich f\u00fcr 3.599 Euro bestellen. Wer das Ger\u00e4t hardwareseitig maximal ausstatten will, kann den Preis f\u00fcr das Notebook auf 8.379 Euro hochtreiben. Daf\u00fcr gibt es dann einen 2,9-GHz-Prozessor, 32 GB RAM, 4 TB SSD-Speicher und eine Radeon Pro Vega 20.<\/p>\n","protected":false},"excerpt":{"rendered":"<a href=\"https:\/\/www.ifun.de\/macbook-pro-jetzt-auch-mit-radeon-pro-vega-grafik-erhaeltlich-129876\/\"><img width=\"150\" height=\"150\" src=\"https:\/\/images.ifun.de\/wp-content\/uploads\/2018\/11\/macbook-pro-radeon-vega-grafik-150x150.jpg\" class=\"alignright tfe wp-post-image\" alt=\"Macbook Pro Radeon Vega Grafik\" decoding=\"async\" loading=\"lazy\" \/><\/a><p>Apple bietet das MacBook Pro jetzt auch optional mit \u201eRadeon Pro Vega\u201c-Grafikl\u00f6sungen von AMD an. Die beiden neuen Varianten werden nur f\u00fcr das 15-Zoll-Ger\u00e4t mit 2,6-GHz-Prozessor angeboten, zur Wahl stehen die Radeon Pro Vega 16 gegen 300 Euro Aufpreis und die Radeon Pro Vega 20 gegen 420 Euro Aufpreis. Standardm\u00e4\u00dfig ist das Ger\u00e4t mit einer [&hellip;]<\/p>\n","protected":false},"author":2,"featured_media":129880,"comment_status":"open","ping_status":"closed","sticky":false,"template":"","format":"standard","meta":{"_acf_changed":false,"footnotes":""},"categories":[16],"tags":[4736,224],"class_list":["post-129876","post","type-post","status-publish","format-standard","has-post-thumbnail","hentry","category-mac","tag-apple","tag-macbook-pro"],"acf":[],"aioseo_notices":[],"subheadline":["Apple bietet neue Bestelloption"],"featured_image":["https:\/\/images.ifun.de\/wp-content\/uploads\/2018\/07\/macbook-pro-2018-1.jpg"],"rest_api_enabler":{"subheadline":"Apple bietet neue Bestelloption","featured_image":"https:\/\/images.ifun.de\/wp-content\/uploads\/2018\/07\/macbook-pro-2018-1.jpg"},"_links":{"self":[{"href":"https:\/\/www.ifun.de\/apiv2\/wp\/v2\/posts\/129876","targetHints":{"allow":["GET"]}}],"collection":[{"href":"https:\/\/www.ifun.de\/apiv2\/wp\/v2\/posts"}],"about":[{"href":"https:\/\/www.ifun.de\/apiv2\/wp\/v2\/types\/post"}],"author":[{"embeddable":true,"href":"https:\/\/www.ifun.de\/apiv2\/wp\/v2\/users\/2"}],"replies":[{"embeddable":true,"href":"https:\/\/www.ifun.de\/apiv2\/wp\/v2\/comments?post=129876"}],"version-history":[{"count":4,"href":"https:\/\/www.ifun.de\/apiv2\/wp\/v2\/posts\/129876\/revisions"}],"predecessor-version":[{"id":129882,"href":"https:\/\/www.ifun.de\/apiv2\/wp\/v2\/posts\/129876\/revisions\/129882"}],"wp:featuredmedia":[{"embeddable":true,"href":"https:\/\/www.ifun.de\/apiv2\/wp\/v2\/media\/129880"}],"wp:attachment":[{"href":"https:\/\/www.ifun.de\/apiv2\/wp\/v2\/media?parent=129876"}],"wp:term":[{"taxonomy":"category","embeddable":true,"href":"https:\/\/www.ifun.de\/apiv2\/wp\/v2\/categories?post=129876"},{"taxonomy":"post_tag","embeddable":true,"href":"https:\/\/www.ifun.de\/apiv2\/wp\/v2\/tags?post=129876"}],"curies":[{"name":"wp","href":"https:\/\/api.w.org\/{rel}","templated":true}]}}