{"id":129545,"date":"2018-11-07T16:38:47","date_gmt":"2018-11-07T15:38:47","guid":{"rendered":"https:\/\/www.ifun.de\/?p=129545"},"modified":"2018-11-08T13:32:26","modified_gmt":"2018-11-08T12:32:26","slug":"usb-c-am-ipad-pro-diese-geraete-sind-kompatibel","status":"publish","type":"post","link":"https:\/\/www.ifun.de\/usb-c-am-ipad-pro-diese-geraete-sind-kompatibel-129545\/","title":{"rendered":"USB-C am iPad Pro: Diese Ger\u00e4te sind kompatibel"},"content":{"rendered":"<p>Mit dem neu ver\u00f6ffentlichten Hilfe-Dokument <a href=\"https:\/\/support.apple.com\/de-de\/HT209186\">#HT209186<\/a>, das bislang nur in einer englischsprachigen Fassung vorliegt, liefert Apple selbst einen Nachtrag zu unserem Artikel \u00fcber die Besonderheiten der neuen iPad-Buchse.<\/p>\n<p><a href=\"https:\/\/images.ifun.de\/wp-content\/uploads\/2018\/11\/usb-c-anschliessen.jpg\"><img loading=\"lazy\" decoding=\"async\" class=\"aligncenter size-full wp-image-129549\" src=\"https:\/\/images.ifun.de\/wp-content\/uploads\/2018\/11\/usb-c-anschliessen.jpg\" alt=\"Usb C Anschliessen\" width=\"500\" height=\"134\" srcset=\"https:\/\/images.ifun.de\/wp-content\/uploads\/2018\/11\/usb-c-anschliessen.jpg 500w, https:\/\/images.ifun.de\/wp-content\/uploads\/2018\/11\/usb-c-anschliessen-300x80.jpg 300w\" sizes=\"auto, (max-width: 500px) 100vw, 500px\" \/><\/a><\/p>\n<p>So haben wir erst <a href=\"https:\/\/www.ifun.de\/ipad-pro-trotz-usb-c-nicht-kompatibel-mit-lg-ultrafine-5k-displays-129503\/\">heute fr\u00fch<\/a> darauf aufmerksam gemacht, dass sich die neuen iPads ausschlie\u00dflich mit USB-C-Monitoren verbinden lassen, die \u00dcbertragung des Display-Inhaltes zu Thunderbolt-Ger\u00e4ten jedoch scheuen. Was versierte Anwender hier sofort als offensichtliche Einschr\u00e4nkung erkennen, muss unbedarften Nutzern immer wieder erkl\u00e4rt werden. Trotz identischer Stecker, sprechen USB-C und Thunderbolt-Anschl\u00fcsse komplett unterschiedliche Protokolle.<\/p>\n<p>Unter der \u00dcberschrift &#8222;Charge and connect with the USB-C port on the new iPad Pro&#8220; hat Apple jetzt mehrere Informationen nachgelegt.<\/p>\n<h2>18W Netzteil, aber mehr geht<\/h2>\n<p>Das iPad wird mit einem 18W USB-C-Netzteil ausgeliefert, ist jedoch in der Lage, schneller von entsprechend leistungsf\u00e4higeren Ger\u00e4ten geladen zu werden. Hier bieten sich alle USB-C Netzteile mit Power Delivery-Standard und Leistungswerten <a href=\"https:\/\/amzn.to\/2OtDNHP\">n\u00f6rdlich von 30W an<\/a>.<\/p>\n<blockquote><p>If you have a higher-wattage USB-C power adapter \u2014 such as the one that came with your Mac notebook \u2014 you can use it with iPad Pro, and you might see faster charging. You can also charge iPad Pro by connecting it to the USB-C port on your computer.<\/p><\/blockquote>\n<p >Keine Produkte gefunden.<\/p>\n<p >Keine Produkte gefunden.<\/p>\n<p>Unterst\u00fctzt werden angeschlossene USB-C-Displays mit Aufl\u00f6sungen von bis zu 5K. Nutzer m\u00fcssen darauf achten, dass die Verbindung jedoch nur \u00fcber USB-C-Kabel zustandekommen, die f\u00fcr schnelle \u00dcbertragungsraten optimiert sind. Mit einem HDMI-Adapter spuckt das iPad Pro 4K-Aufl\u00f6sungen mit 60Hz aus.<\/p>\n<p><a href=\"https:\/\/images.ifun.de\/wp-content\/uploads\/2018\/11\/schneidematte.jpg\"><img loading=\"lazy\" decoding=\"async\" class=\"aligncenter size-large wp-image-129547\" src=\"https:\/\/images.ifun.de\/wp-content\/uploads\/2018\/11\/schneidematte-1024x768.jpg\" alt=\"Schneidematte\" width=\"1024\" height=\"768\" srcset=\"https:\/\/images.ifun.de\/wp-content\/uploads\/2018\/11\/schneidematte-1024x768.jpg 1024w, https:\/\/images.ifun.de\/wp-content\/uploads\/2018\/11\/schneidematte-300x225.jpg 300w, https:\/\/images.ifun.de\/wp-content\/uploads\/2018\/11\/schneidematte-768x576.jpg 768w, https:\/\/images.ifun.de\/wp-content\/uploads\/2018\/11\/schneidematte.jpg 1400w\" sizes=\"auto, (max-width: 1024px) 100vw, 1024px\" \/><\/a><\/p>\n<p>Zu den USB-Ger\u00e4ten, die das iPad Pro von Haus aus unterst\u00fctzt geh\u00f6ren:<\/p>\n<ul>\n<li>Hubs und Docks<\/li>\n<li>Tastaturen<\/li>\n<li>Audio Interfaces und MIDI-Ger\u00e4te<\/li>\n<li>Externe Speichermedien zum Import von Fotos und Videos<\/li>\n<li>USB-zu-Ethernet-Adapter<\/li>\n<\/ul>\n<p>Wir haben etwa den am letzten Donnerstag <a href=\"https:\/\/www.ifun.de\/mit-60w-pd-anker-verkauft-neuen-usb-c-hub-129265\/\">neu vorgestellte Anker-Adapter<\/a> problemlos daf\u00fcr genutzt, Fotos von einem iPhone XS zu importieren, das mit dem Hub \u00fcber ein konventionelles USB-A-zu-Lightning-Kabel verbunden war. Das iPhone XS wurde dabei gleichzeitig geladen.<\/p>\n<script>\r\n  function open_amazon(link) {\r\n    if (navigator.userAgent.indexOf(\"Firefox\") != -1) {\r\n      window.open(link, '_blank');\r\n    } else {\r\n      var tag = document.createElement('a');\r\n      tag.setAttribute('href', link);\r\n      tag.innerHTML = \"amzn\";\r\n      tag.click();\r\n    }\r\n  }\r\n<\/script>\r\n    <div id=\"article-single-amazon-preview\" onclick=\"return open_amazon('https:\/\/www.amazon.de\/dp\/B07DD8BLJW?tag=musicweb02&linkCode=ogi&th=1&psc=1');\">\n  <div id=\"article-single-amazon-preview-header\">\n    <span class=\"title\">Produkthinweis<\/span>\n      <\/div>\n  <div id=\"article-single-amazon-preview-content\">\n    <div id=\"article-single-amazon-preview-img\" style=\"background: url('https:\/\/m.media-amazon.com\/images\/I\/31ALoiyE3JL.jpg') center center no-repeat; background-size: cover;\"><\/div>\n    <div id=\"article-single-amazon-preview-desc\">\n      <span class=\"bezeichnung\"><a href=\"https:\/\/www.amazon.de\/dp\/B07DD8BLJW?tag=musicweb02&linkCode=ogi&th=1&psc=1\" style=\"text-decoration: none; border-bottom: 0px; box-shadow: none;\">Anker 3-in-1 USB-C Hub Adapter, mit 60W Power Delivery, 4K USB-C auf HDMI Output, USB 3.0, f\u00fcr MacBook Pro...<\/a><\/span>\n      <span class=\"preis--aktuell\"><\/span>\n      <span class=\"preis--alt\"><\/span>\n    <\/div>\n  <\/div>\n<\/div>\n<p>Um das iPad Pro zum Laden anderer Ger\u00e4te zu nutzen, empfiehlt Apple den Einsatz des USB-C-zu-Lightning-Kabel. Werden zwei iPad Pro-Modelle miteinander verbunden, l\u00e4dt eins das andere. Die Apple Watch l\u00e4sst sich \u00fcber den neuen USB-C-Stecker laden.<\/p>\n<h2>Zum Nachlesen<\/h2>\n<ul>\n<li><a title=\"Neu von Apple: USB-C-Accessoires, MacBook Pro mit Vega-Grafik\" href=\"https:\/\/www.ifun.de\/neu-von-apple-usb-c-accessoires-macbook-pro-mit-vega-grafik-129201\/\">Neu von Apple: USB-C-Accessoires, MacBook Pro mit Vega-Grafik<\/a><\/li>\n<li><a title=\"HyperDrive f\u00fcr iPad Pro: Erstes USB-C-Hub kommt im Dezember\" href=\"https:\/\/www.ifun.de\/hyperdrive-fuer-ipad-pro-erstes-usb-c-hub-kommt-im-dezember-129425\/\">HyperDrive f\u00fcr iPad Pro: Erstes USB-C-Hub kommt im Dezember<\/a><\/li>\n<li><a title=\"Neu im Apple Store: Apple Watch-Ladeger\u00e4t mit USB-C\" href=\"https:\/\/www.iphone-ticker.de\/neu-im-apple-store-apple-watch-ladegeraet-mit-usb-c-132693\/\">Neu im Apple Store: Apple Watch-Ladeger\u00e4t mit USB-C<\/a><\/li>\n<\/ul>\n","protected":false},"excerpt":{"rendered":"<a href=\"https:\/\/www.ifun.de\/usb-c-am-ipad-pro-diese-geraete-sind-kompatibel-129545\/\"><img width=\"150\" height=\"134\" src=\"https:\/\/images.ifun.de\/wp-content\/uploads\/2018\/11\/usb-c-anschliessen-150x134.jpg\" class=\"alignright tfe wp-post-image\" alt=\"Usb C Anschliessen\" decoding=\"async\" loading=\"lazy\" \/><\/a><p>Mit dem neu ver\u00f6ffentlichten Hilfe-Dokument #HT209186, das bislang nur in einer englischsprachigen Fassung vorliegt, liefert Apple selbst einen Nachtrag zu unserem Artikel \u00fcber die Besonderheiten der neuen iPad-Buchse. So haben wir erst heute fr\u00fch darauf aufmerksam gemacht, dass sich die neuen iPads ausschlie\u00dflich mit USB-C-Monitoren verbinden lassen, die \u00dcbertragung des Display-Inhaltes zu Thunderbolt-Ger\u00e4ten jedoch scheuen. [&hellip;]<\/p>\n","protected":false},"author":1,"featured_media":129549,"comment_status":"open","ping_status":"closed","sticky":false,"template":"","format":"standard","meta":{"_acf_changed":false,"footnotes":""},"categories":[1,1783],"tags":[2486,2650],"class_list":["post-129545","post","type-post","status-publish","format-standard","has-post-thumbnail","hentry","category-news","category-feature","tag-ipad-pro","tag-usb-c"],"acf":[],"aioseo_notices":[],"subheadline":["Schnelles Laden ist m\u00f6glich"],"featured_image":["https:\/\/images.ifun.de\/wp-content\/uploads\/2018\/11\/ipad-pro-anschliessen.jpg"],"rest_api_enabler":{"subheadline":"Schnelles Laden ist m\u00f6glich","featured_image":"https:\/\/images.ifun.de\/wp-content\/uploads\/2018\/11\/ipad-pro-anschliessen.jpg"},"_links":{"self":[{"href":"https:\/\/www.ifun.de\/apiv2\/wp\/v2\/posts\/129545","targetHints":{"allow":["GET"]}}],"collection":[{"href":"https:\/\/www.ifun.de\/apiv2\/wp\/v2\/posts"}],"about":[{"href":"https:\/\/www.ifun.de\/apiv2\/wp\/v2\/types\/post"}],"author":[{"embeddable":true,"href":"https:\/\/www.ifun.de\/apiv2\/wp\/v2\/users\/1"}],"replies":[{"embeddable":true,"href":"https:\/\/www.ifun.de\/apiv2\/wp\/v2\/comments?post=129545"}],"version-history":[{"count":2,"href":"https:\/\/www.ifun.de\/apiv2\/wp\/v2\/posts\/129545\/revisions"}],"predecessor-version":[{"id":129550,"href":"https:\/\/www.ifun.de\/apiv2\/wp\/v2\/posts\/129545\/revisions\/129550"}],"wp:featuredmedia":[{"embeddable":true,"href":"https:\/\/www.ifun.de\/apiv2\/wp\/v2\/media\/129549"}],"wp:attachment":[{"href":"https:\/\/www.ifun.de\/apiv2\/wp\/v2\/media?parent=129545"}],"wp:term":[{"taxonomy":"category","embeddable":true,"href":"https:\/\/www.ifun.de\/apiv2\/wp\/v2\/categories?post=129545"},{"taxonomy":"post_tag","embeddable":true,"href":"https:\/\/www.ifun.de\/apiv2\/wp\/v2\/tags?post=129545"}],"curies":[{"name":"wp","href":"https:\/\/api.w.org\/{rel}","templated":true}]}}