{"id":129459,"date":"2018-11-06T11:53:41","date_gmt":"2018-11-06T10:53:41","guid":{"rendered":"https:\/\/www.ifun.de\/?p=129459"},"modified":"2018-11-06T11:54:21","modified_gmt":"2018-11-06T10:54:21","slug":"alexa-und-icloud-kalender-integration-wird-umfangreicher","status":"publish","type":"post","link":"https:\/\/www.ifun.de\/alexa-und-icloud-kalender-integration-wird-umfangreicher-129459\/","title":{"rendered":"Alexa und iCloud: Kalender-Integration wird umfangreicher"},"content":{"rendered":"<p>Amazon hat die <a href=\"https:\/\/www.ifun.de\/amazon-echo-integriert-icloud-kalender-108076\/\">seit Mai 2017 verf\u00fcgbare<\/a> Integration des iCloud-Kalenders in die Sprachassistentin Alexa zum Monatsanfang um zwei neue Funktionen ausgebaut. <\/p>\n<p><a href=\"https:\/\/images.ifun.de\/wp-content\/uploads\/2018\/11\/alexa-kalender-bg.jpg\"><img decoding=\"async\" src=\"https:\/\/images.ifun.de\/wp-content\/uploads\/2018\/11\/alexa-kalender-bg-1024x522.jpg\" alt=\"Alexa Kalender Bg\" width=\"500\" class=\"aligncenter size-large wp-image-129462\" srcset=\"https:\/\/images.ifun.de\/wp-content\/uploads\/2018\/11\/alexa-kalender-bg-1024x522.jpg 1024w, https:\/\/images.ifun.de\/wp-content\/uploads\/2018\/11\/alexa-kalender-bg-300x153.jpg 300w, https:\/\/images.ifun.de\/wp-content\/uploads\/2018\/11\/alexa-kalender-bg-768x391.jpg 768w, https:\/\/images.ifun.de\/wp-content\/uploads\/2018\/11\/alexa-kalender-bg.jpg 1500w\" sizes=\"(max-width: 1024px) 100vw, 1024px\" \/><\/a><\/p>\n<p>Bereits in das eigene Alexa-Konto integrierte iCloud-Kalender lassen sich nun sowohl in pers\u00f6nliche Routinen einbauen als auch gezielt auf freie Termin-Slots hin \u00fcberpr\u00fcfen. <\/p>\n<h2>Freie Zeiten pr\u00fcfen<\/h2>\n<p>So k\u00f6nnen Alexa-Anwender ihren Kalender vor dem Eintragen neuer Termine jetzt auf freie Zeiten hin pr\u00fcfen und etwa fragen: &#8222;Alexa, wann habe ich Montag noch Zeit?&#8220; Amazons Sprachassistentin informiert dann kurz \u00fcber die bereits eingetragenen Termine. <\/p>\n<p>Zudem k\u00f6nnen sich Kalender nun auch in selbst erstelle Routinen integrieren lassen. Hier bietet Alexa jetzt an, euch die anstehenden Kalendereintr\u00e4ge f\u00fcr Heute oder Morgen vorzulesen bzw. kurz \u00fcber den n\u00e4chsten eingetragenen Termin zu informieren. <a href=\"https:\/\/venturebeat.com\/2018\/11\/01\/alexa-gains-reminders-api-calendar-availability-and-integration-with-routines\/\">Laut Venturebeat<\/a> ist die Kalender-Integration in die Routinen seit dem 1. November aktiv, hierzulande wurden die neuen Funktion am Wochenende ausgerollt. <\/p>\n<p><a href=\"https:\/\/images.ifun.de\/wp-content\/uploads\/2018\/11\/alexa-kalender.jpg\"><img loading=\"lazy\" decoding=\"async\" src=\"https:\/\/images.ifun.de\/wp-content\/uploads\/2018\/11\/alexa-kalender-998x1024.jpg\" alt=\"Alexa Kalender\" width=\"998\" height=\"1024\" class=\"aligncenter size-large wp-image-129461\" srcset=\"https:\/\/images.ifun.de\/wp-content\/uploads\/2018\/11\/alexa-kalender-998x1024.jpg 998w, https:\/\/images.ifun.de\/wp-content\/uploads\/2018\/11\/alexa-kalender-292x300.jpg 292w, https:\/\/images.ifun.de\/wp-content\/uploads\/2018\/11\/alexa-kalender-768x788.jpg 768w, https:\/\/images.ifun.de\/wp-content\/uploads\/2018\/11\/alexa-kalender.jpg 1000w\" sizes=\"auto, (max-width: 998px) 100vw, 998px\" \/><\/a><\/p>\n","protected":false},"excerpt":{"rendered":"<a href=\"https:\/\/www.ifun.de\/alexa-und-icloud-kalender-integration-wird-umfangreicher-129459\/\"><img width=\"150\" height=\"150\" src=\"https:\/\/images.ifun.de\/wp-content\/uploads\/2018\/11\/alexa-kalender-bg-150x150.jpg\" class=\"alignright tfe wp-post-image\" alt=\"Alexa Kalender Bg\" decoding=\"async\" loading=\"lazy\" \/><\/a><p>Amazon hat die seit Mai 2017 verf\u00fcgbare Integration des iCloud-Kalenders in die Sprachassistentin Alexa zum Monatsanfang um zwei neue Funktionen ausgebaut. Bereits in das eigene Alexa-Konto integrierte iCloud-Kalender lassen sich nun sowohl in pers\u00f6nliche Routinen einbauen als auch gezielt auf freie Termin-Slots hin \u00fcberpr\u00fcfen. Freie Zeiten pr\u00fcfen So k\u00f6nnen Alexa-Anwender ihren Kalender vor dem Eintragen [&hellip;]<\/p>\n","protected":false},"author":1,"featured_media":129462,"comment_status":"open","ping_status":"closed","sticky":false,"template":"","format":"standard","meta":{"_acf_changed":false,"footnotes":""},"categories":[22],"tags":[3208,401,151,4327,125],"class_list":["post-129459","post","type-post","status-publish","format-standard","has-post-thumbnail","hentry","category-zubehor","tag-alexa","tag-icloud","tag-kalender","tag-routinen","tag-tipp"],"acf":[],"aioseo_notices":[],"subheadline":["Routinen und freie Kalender-Zeiten"],"featured_image":["https:\/\/images.ifun.de\/wp-content\/uploads\/2017\/05\/amazon-echo-kalender.jpg"],"rest_api_enabler":{"subheadline":"Routinen und freie Kalender-Zeiten","featured_image":"https:\/\/images.ifun.de\/wp-content\/uploads\/2017\/05\/amazon-echo-kalender.jpg"},"_links":{"self":[{"href":"https:\/\/www.ifun.de\/apiv2\/wp\/v2\/posts\/129459","targetHints":{"allow":["GET"]}}],"collection":[{"href":"https:\/\/www.ifun.de\/apiv2\/wp\/v2\/posts"}],"about":[{"href":"https:\/\/www.ifun.de\/apiv2\/wp\/v2\/types\/post"}],"author":[{"embeddable":true,"href":"https:\/\/www.ifun.de\/apiv2\/wp\/v2\/users\/1"}],"replies":[{"embeddable":true,"href":"https:\/\/www.ifun.de\/apiv2\/wp\/v2\/comments?post=129459"}],"version-history":[{"count":3,"href":"https:\/\/www.ifun.de\/apiv2\/wp\/v2\/posts\/129459\/revisions"}],"predecessor-version":[{"id":129464,"href":"https:\/\/www.ifun.de\/apiv2\/wp\/v2\/posts\/129459\/revisions\/129464"}],"wp:featuredmedia":[{"embeddable":true,"href":"https:\/\/www.ifun.de\/apiv2\/wp\/v2\/media\/129462"}],"wp:attachment":[{"href":"https:\/\/www.ifun.de\/apiv2\/wp\/v2\/media?parent=129459"}],"wp:term":[{"taxonomy":"category","embeddable":true,"href":"https:\/\/www.ifun.de\/apiv2\/wp\/v2\/categories?post=129459"},{"taxonomy":"post_tag","embeddable":true,"href":"https:\/\/www.ifun.de\/apiv2\/wp\/v2\/tags?post=129459"}],"curies":[{"name":"wp","href":"https:\/\/api.w.org\/{rel}","templated":true}]}}