{"id":129277,"date":"2018-11-01T10:38:39","date_gmt":"2018-11-01T09:38:39","guid":{"rendered":"https:\/\/www.ifun.de\/?p=129277"},"modified":"2018-11-01T10:40:00","modified_gmt":"2018-11-01T09:40:00","slug":"fuer-macs-zusatzversicherung-applecare-erreicht-deutschland","status":"publish","type":"post","link":"https:\/\/www.ifun.de\/fuer-macs-zusatzversicherung-applecare-erreicht-deutschland-129277\/","title":{"rendered":"F\u00fcr Macs: Zusatzversicherung AppleCare+ erreicht Deutschland"},"content":{"rendered":"<p>Seit der Vorstellung der neuen Macs am vergangenen Dienstag bietet Apple die kostenpflichtige <a href=\"cache:https:\/\/www.apple.com\/de\/shop\/product\/AC_PLUS_MB-AUTO\/applecare-f\u00fcr-macbook-macbook-air\">Zusatzversicherung AppleCare+<\/a> nun auch f\u00fcr deutsche Mac-K\u00e4ufer an.<\/p>\n<p><a href=\"https:\/\/images.ifun.de\/wp-content\/uploads\/2018\/11\/apple-care-plus.jpg\"><img decoding=\"async\" src=\"https:\/\/images.ifun.de\/wp-content\/uploads\/2018\/11\/apple-care-plus.jpg\" alt=\"Apple Care Plus\" width=\"500\"  class=\"aligncenter size-full wp-image-129279\" srcset=\"https:\/\/images.ifun.de\/wp-content\/uploads\/2018\/11\/apple-care-plus.jpg 1000w, https:\/\/images.ifun.de\/wp-content\/uploads\/2018\/11\/apple-care-plus-300x151.jpg 300w, https:\/\/images.ifun.de\/wp-content\/uploads\/2018\/11\/apple-care-plus-768x387.jpg 768w\" sizes=\"(max-width: 1000px) 100vw, 1000px\" \/><\/a><\/p>\n<p><a href=\"https:\/\/www.apple.com\/de\/support\/products\/mac.html\">Das Service-Angebot<\/a>, das bislang nur f\u00fcr die Mobilger\u00e4te Apples verf\u00fcgbar war, l\u00f6st den sogenannten <a href=\"http:\/\/webcache.googleusercontent.com\/search?q=cache%3Ahttps%3A%2F%2Fwww.apple.com%2Fde%2Fshop%2Fgoto%2Fapplecaremacbookair&#038;oq=cache%3Ahttps%3A%2F%2Fwww.apple.com%2Fde%2Fshop%2Fgoto%2Fapplecaremacbookair&#038;aqs=chrome..69i57j69i58.2293j0j1&#038;sourceid=chrome&#038;ie=UTF-8\">AppleCare Protection Plan<\/a> ab &#8211; am Preis \u00e4ndert sich jedoch nichts.<\/p>\n<h2>Greift auch bei &#8222;unabsichtlicher Besch\u00e4digung&#8220;<\/h2>\n<p>So kostet AppleCare+ f\u00fcr das neue MacBook Air 249 Euro und damit exakt genau so viel wie bislang f\u00fcr den &#8222;AppleCare Protection Plan&#8220; f\u00fcr das MacBook Air verlangt wurde. <\/p>\n<p>Neu ist, dass die Garantieverl\u00e4ngerung nun auch bei &#8222;unabsichtlicher Besch\u00e4digung&#8220; der eigenen Maschine greift.<\/p>\n<p>Apple erkl\u00e4rt:<\/p>\n<blockquote><p>Mit AppleCare+ f\u00fcr Mac hast du optimalen Service f\u00fcr deinen Mac \u2013 mit bis zu drei Jahren technischem Support durch Experten und zus\u00e4tzlichem Hardwareschutz von Apple, inklusive bis zu zwei Reparaturen bei unabsichtlicher Besch\u00e4digung, f\u00fcr die jeweils eine Servicegeb\u00fchr von 99 \u20ac bei Sch\u00e4den am Display oder an der Au\u00dfenseite des Geh\u00e4uses oder von 259 \u20ac f\u00fcr alle anderen Sch\u00e4den anf\u00e4llt.<\/p><\/blockquote>\n<p>Allerdings merkt Apple in den Produktinformationen auch eine Ausnahmeregelung an:<\/p>\n<blockquote><p>Wenn dein Mac nach einem Unfall schwerwiegende Sch\u00e4den davongetragen hat oder nach unbefugten Modifikationen nicht mehr betriebsbereit ist, muss ein Ersatzger\u00e4t erworben werden.<\/p><\/blockquote>\n<p>AppleCare+ kann beim Abschlie\u00dfen einer Bestellung mit in die Einkaufstasche gelegt werden und l\u00e4sst sich anschlie\u00dfend noch innerhalb von 60 Tagen nach dem Kauf eines Mac erwerben.<\/p>\n","protected":false},"excerpt":{"rendered":"<a href=\"https:\/\/www.ifun.de\/fuer-macs-zusatzversicherung-applecare-erreicht-deutschland-129277\/\"><img width=\"150\" height=\"150\" src=\"https:\/\/images.ifun.de\/wp-content\/uploads\/2018\/11\/apple-care-plus-150x150.jpg\" class=\"alignright tfe wp-post-image\" alt=\"Apple Care Plus\" decoding=\"async\" loading=\"lazy\" \/><\/a><p>Seit der Vorstellung der neuen Macs am vergangenen Dienstag bietet Apple die kostenpflichtige Zusatzversicherung AppleCare+ nun auch f\u00fcr deutsche Mac-K\u00e4ufer an. Das Service-Angebot, das bislang nur f\u00fcr die Mobilger\u00e4te Apples verf\u00fcgbar war, l\u00f6st den sogenannten AppleCare Protection Plan ab &#8211; am Preis \u00e4ndert sich jedoch nichts. Greift auch bei &#8222;unabsichtlicher Besch\u00e4digung&#8220; So kostet AppleCare+ f\u00fcr [&hellip;]<\/p>\n","protected":false},"author":1,"featured_media":129279,"comment_status":"open","ping_status":"closed","sticky":false,"template":"","format":"standard","meta":{"_acf_changed":false,"footnotes":""},"categories":[1],"tags":[4736,4099,115,6321,2020],"class_list":["post-129277","post","type-post","status-publish","format-standard","has-post-thumbnail","hentry","category-news","tag-apple","tag-applecare","tag-geld","tag-mac","tag-versicherung"],"acf":[],"aioseo_notices":[],"subheadline":["Greift bei \"unabsichtlicher Besch\u00e4digung\""],"featured_image":["https:\/\/images.ifun.de\/wp-content\/uploads\/2016\/10\/support-apple.jpg"],"rest_api_enabler":{"subheadline":"Greift bei \"unabsichtlicher Besch\u00e4digung\"","featured_image":"https:\/\/images.ifun.de\/wp-content\/uploads\/2016\/10\/support-apple.jpg"},"_links":{"self":[{"href":"https:\/\/www.ifun.de\/apiv2\/wp\/v2\/posts\/129277","targetHints":{"allow":["GET"]}}],"collection":[{"href":"https:\/\/www.ifun.de\/apiv2\/wp\/v2\/posts"}],"about":[{"href":"https:\/\/www.ifun.de\/apiv2\/wp\/v2\/types\/post"}],"author":[{"embeddable":true,"href":"https:\/\/www.ifun.de\/apiv2\/wp\/v2\/users\/1"}],"replies":[{"embeddable":true,"href":"https:\/\/www.ifun.de\/apiv2\/wp\/v2\/comments?post=129277"}],"version-history":[{"count":3,"href":"https:\/\/www.ifun.de\/apiv2\/wp\/v2\/posts\/129277\/revisions"}],"predecessor-version":[{"id":129281,"href":"https:\/\/www.ifun.de\/apiv2\/wp\/v2\/posts\/129277\/revisions\/129281"}],"wp:featuredmedia":[{"embeddable":true,"href":"https:\/\/www.ifun.de\/apiv2\/wp\/v2\/media\/129279"}],"wp:attachment":[{"href":"https:\/\/www.ifun.de\/apiv2\/wp\/v2\/media?parent=129277"}],"wp:term":[{"taxonomy":"category","embeddable":true,"href":"https:\/\/www.ifun.de\/apiv2\/wp\/v2\/categories?post=129277"},{"taxonomy":"post_tag","embeddable":true,"href":"https:\/\/www.ifun.de\/apiv2\/wp\/v2\/tags?post=129277"}],"curies":[{"name":"wp","href":"https:\/\/api.w.org\/{rel}","templated":true}]}}