{"id":129147,"date":"2018-10-30T15:57:09","date_gmt":"2018-10-30T14:57:09","guid":{"rendered":"https:\/\/www.ifun.de\/?p=129147"},"modified":"2018-10-31T07:18:06","modified_gmt":"2018-10-31T06:18:06","slug":"apple-stellt-neues-ipad-pro-mit-usb-c-anschluss-vor","status":"publish","type":"post","link":"https:\/\/www.ifun.de\/apple-stellt-neues-ipad-pro-mit-usb-c-anschluss-vor-129147\/","title":{"rendered":"Apple stellt neues iPad Pro mit USB-C-Anschluss vor"},"content":{"rendered":"<p>Apple hat eine neue Version des <a href=\"https:\/\/www.apple.com\/de\/ipad-pro\/\">iPad Pro<\/a> vorgestellt. Das Ger\u00e4t kommt wie im Vorfeld erwartet mit \u00fcberarbeitetem Geh\u00e4use mit Kanten im Stile der iPhone-Modelle 5 bzw. SE und einem magnetischem Apple Pencil.<\/p>\n<p><a href=\"https:\/\/images.ifun.de\/wp-content\/uploads\/2018\/10\/ipad-mit-pencil.jpg\"><img decoding=\"async\" src=\"https:\/\/images.ifun.de\/wp-content\/uploads\/2018\/10\/ipad-mit-pencil.jpg\" alt=\"Ipad Mit Pencil\" width=\"500\"  class=\"aligncenter size-large wp-image-129165\" srcset=\"https:\/\/images.ifun.de\/wp-content\/uploads\/2018\/10\/ipad-mit-pencil.jpg 1000w, https:\/\/images.ifun.de\/wp-content\/uploads\/2018\/10\/ipad-mit-pencil-300x249.jpg 300w, https:\/\/images.ifun.de\/wp-content\/uploads\/2018\/10\/ipad-mit-pencil-768x638.jpg 768w\" sizes=\"(max-width: 1000px) 100vw, 1000px\" \/><\/a><\/p>\n<p>Das neue iPad Pro setzt auf die im iPhone XR verbaute, von Apple \u201eLiquid Retina\u201c genannte LCD-Technik. Auf gleicher Grundfl\u00e4che wie das bisherige 10,5-Zoll-Modell bringt Apple nun einen nahezu randlosen 11-ZollBildschirm unter. Beim gr\u00f6\u00dferen Modell bleibt der Bildschirm 12,9 Zoll gro\u00df, die Ger\u00e4teabmessungen schrumpfen daf\u00fcr aber deutlich.<\/p>\n<p>Das iPad Pro bietet wie vorhergesagt nun auch die Gesichtserkennung Face ID an. Die Gesichtserkennung funktioniert sowohl im Hoch- als auch im Querformat. Die fehlende Home-Taste wird wie bereits vom iPhone bekannt nun auch durch zus\u00e4tzliche Gesten ersetzt.<\/p>\n<p>Unter der Haube hat Apple den neuen A12X Bionic Prozessor verbaut und erh\u00f6ht die Rechenleistung der Tablets im Vergleich zu den bisherigen Pro-Modellen damit deutlich. Apple spricht von bis zu 90 Prozent mehr Multicore- und doppelter Grafikleistung.<\/p>\n<p><a href=\"https:\/\/images.ifun.de\/wp-content\/uploads\/2018\/10\/ipad-pro-monitor.jpg\"><img loading=\"lazy\" decoding=\"async\" src=\"https:\/\/images.ifun.de\/wp-content\/uploads\/2018\/10\/ipad-pro-monitor-1024x577.jpg\" alt=\"Ipad Pro Monitor\" width=\"1024\" height=\"577\" class=\"aligncenter size-large wp-image-129166\" srcset=\"https:\/\/images.ifun.de\/wp-content\/uploads\/2018\/10\/ipad-pro-monitor-1024x577.jpg 1024w, https:\/\/images.ifun.de\/wp-content\/uploads\/2018\/10\/ipad-pro-monitor-300x169.jpg 300w, https:\/\/images.ifun.de\/wp-content\/uploads\/2018\/10\/ipad-pro-monitor-768x433.jpg 768w, https:\/\/images.ifun.de\/wp-content\/uploads\/2018\/10\/ipad-pro-monitor.jpg 1400w\" sizes=\"auto, (max-width: 1024px) 100vw, 1024px\" \/><\/a><\/p>\n<h2>Jetzt mit USB-C-Anschluss<\/h2>\n<p>Der neue USB-C-Anschluss erlaubt nicht nur den Austausch von Daten, sondern auch den Anschluss von externen Bildschirmen. Zudem l\u00e4sst sich ein iPhone \u00fcber diesen Anschluss laden.<\/p>\n<p><a href=\"https:\/\/images.ifun.de\/wp-content\/uploads\/2018\/10\/tasten.png\"><img loading=\"lazy\" decoding=\"async\" src=\"https:\/\/images.ifun.de\/wp-content\/uploads\/2018\/10\/tasten-1024x712.png\" alt=\"Tasten\" width=\"1024\" height=\"712\" class=\"aligncenter size-large wp-image-129174\" srcset=\"https:\/\/images.ifun.de\/wp-content\/uploads\/2018\/10\/tasten-1024x712.png 1024w, https:\/\/images.ifun.de\/wp-content\/uploads\/2018\/10\/tasten-300x209.png 300w, https:\/\/images.ifun.de\/wp-content\/uploads\/2018\/10\/tasten-768x534.png 768w, https:\/\/images.ifun.de\/wp-content\/uploads\/2018\/10\/tasten.png 2010w\" sizes=\"auto, (max-width: 1024px) 100vw, 1024px\" \/><\/a><\/p>\n<h2>Neuer Apple Pencil l\u00e4dt induktiv<\/h2>\n<p>Ebenfalls wie im Vorfeld vorausgesagt, hat Apple ein neues Modell des Apple Pencil vorgestellt, der sich magnetisch am iPad befestigen l\u00e4sst und sich zudem an an der Seite des Tablets induktiv laden l\u00e4sst. Eine Doppeltipp-Funktion im Bereich der Stiftspitze erlaubt es, bei kompatiblen Apps Sonderfunktionen wie beispielsweise den Wechsel des Zeichenwerkzeugs aufzurufen.<\/p>\n<h2>iPad Pro 2018 ab 879 Euro erh\u00e4ltlich<\/h2>\n<p>Beide neuen Ger\u00e4te sind mit Speichergr\u00f6\u00dfen bis zu 1TB und optional auch mit LTE-Funktion erh\u00e4ltlich. Das kleinere Modell ist ab 879 Euro erh\u00e4ltlich, das gro\u00dfe Modell mit 12,9-Zoll-Bildschirm startet bei 1099 Euro. Verkaufsstart ist laut Apple am 7. November.<\/p>\n<p><div class=\"responsive-video\"><iframe loading=\"lazy\" width=\"700\" height=\"371\" src=\"https:\/\/www.youtube-nocookie.com\/embed\/YJ5q8Wrkbdw\" frameborder=\"0\" allowfullscreen><\/iframe><\/div><\/p>\n<p><div class=\"responsive-video\"><iframe loading=\"lazy\" width=\"700\" height=\"371\" src=\"https:\/\/www.youtube-nocookie.com\/embed\/LjaKHqDbzSA\" frameborder=\"0\" allowfullscreen><\/iframe><\/div><\/p>\n","protected":false},"excerpt":{"rendered":"<a href=\"https:\/\/www.ifun.de\/apple-stellt-neues-ipad-pro-mit-usb-c-anschluss-vor-129147\/\"><img width=\"150\" height=\"150\" src=\"https:\/\/images.ifun.de\/wp-content\/uploads\/2018\/10\/ipad-2018-duenner-150x150.jpg\" class=\"alignright tfe wp-post-image\" alt=\"Ipad 2018 Duenner\" decoding=\"async\" loading=\"lazy\" \/><\/a><p>Apple hat eine neue Version des iPad Pro vorgestellt. Das Ger\u00e4t kommt wie im Vorfeld erwartet mit \u00fcberarbeitetem Geh\u00e4use mit Kanten im Stile der iPhone-Modelle 5 bzw. SE und einem magnetischem Apple Pencil. Das neue iPad Pro setzt auf die im iPhone XR verbaute, von Apple \u201eLiquid Retina\u201c genannte LCD-Technik. Auf gleicher Grundfl\u00e4che wie das [&hellip;]<\/p>\n","protected":false},"author":2,"featured_media":129144,"comment_status":"open","ping_status":"closed","sticky":false,"template":"","format":"standard","meta":{"_acf_changed":false,"footnotes":""},"categories":[1,1783],"tags":[],"class_list":["post-129147","post","type-post","status-publish","format-standard","has-post-thumbnail","hentry","category-news","category-feature"],"acf":[],"aioseo_notices":[],"featured_image":["https:\/\/images.ifun.de\/wp-content\/uploads\/2018\/10\/ipad-pro-2018-feature.jpg"],"rest_api_enabler":{"featured_image":"https:\/\/images.ifun.de\/wp-content\/uploads\/2018\/10\/ipad-pro-2018-feature.jpg"},"_links":{"self":[{"href":"https:\/\/www.ifun.de\/apiv2\/wp\/v2\/posts\/129147","targetHints":{"allow":["GET"]}}],"collection":[{"href":"https:\/\/www.ifun.de\/apiv2\/wp\/v2\/posts"}],"about":[{"href":"https:\/\/www.ifun.de\/apiv2\/wp\/v2\/types\/post"}],"author":[{"embeddable":true,"href":"https:\/\/www.ifun.de\/apiv2\/wp\/v2\/users\/2"}],"replies":[{"embeddable":true,"href":"https:\/\/www.ifun.de\/apiv2\/wp\/v2\/comments?post=129147"}],"version-history":[{"count":18,"href":"https:\/\/www.ifun.de\/apiv2\/wp\/v2\/posts\/129147\/revisions"}],"predecessor-version":[{"id":129179,"href":"https:\/\/www.ifun.de\/apiv2\/wp\/v2\/posts\/129147\/revisions\/129179"}],"wp:featuredmedia":[{"embeddable":true,"href":"https:\/\/www.ifun.de\/apiv2\/wp\/v2\/media\/129144"}],"wp:attachment":[{"href":"https:\/\/www.ifun.de\/apiv2\/wp\/v2\/media?parent=129147"}],"wp:term":[{"taxonomy":"category","embeddable":true,"href":"https:\/\/www.ifun.de\/apiv2\/wp\/v2\/categories?post=129147"},{"taxonomy":"post_tag","embeddable":true,"href":"https:\/\/www.ifun.de\/apiv2\/wp\/v2\/tags?post=129147"}],"curies":[{"name":"wp","href":"https:\/\/api.w.org\/{rel}","templated":true}]}}