{"id":129073,"date":"2018-10-29T20:26:00","date_gmt":"2018-10-29T19:26:00","guid":{"rendered":"https:\/\/www.ifun.de\/?p=129073"},"modified":"2018-10-29T20:26:00","modified_gmt":"2018-10-29T19:26:00","slug":"apple-pencil-2-gesten-rechtsklick-und-induktives-laden","status":"publish","type":"post","link":"https:\/\/www.ifun.de\/apple-pencil-2-gesten-rechtsklick-und-induktives-laden-129073\/","title":{"rendered":"Apple Pencil 2: Gesten, &#8222;Rechtsklick&#8220; und induktives Laden?"},"content":{"rendered":"<p>Im Zusammenhang mit dem morgigen Apple-Event ist auch ein neuer Apple Pencil als Begleiter der erwarteten iPad-Pro-Modelle im Gespr\u00e4ch. Im Vorfeld verleiten in verschiedener Richtung interpretierbare Hinweise in den aktuellen iOS-Testversionen zu interessanten Diskussionen \u00fcber die m\u00f6glichen Funktionen der zweiten Generation von Apples Zeichenstift. Richtet Apple den Fokus verst\u00e4rkt auf professionelle Anwender?<\/p>\n<p><a href=\"https:\/\/images.ifun.de\/wp-content\/uploads\/2018\/10\/ipad-pro-mit-penicl-mockup.jpg\"><img loading=\"lazy\" decoding=\"async\" src=\"https:\/\/images.ifun.de\/wp-content\/uploads\/2018\/10\/ipad-pro-mit-penicl-mockup.jpg\" alt=\"Ipad Pro Mit Penicl Mockup\" width=\"500\" height=\"573\" class=\"alignnone size-full wp-image-129075\" srcset=\"https:\/\/images.ifun.de\/wp-content\/uploads\/2018\/10\/ipad-pro-mit-penicl-mockup.jpg 500w, https:\/\/images.ifun.de\/wp-content\/uploads\/2018\/10\/ipad-pro-mit-penicl-mockup-262x300.jpg 262w\" sizes=\"auto, (max-width: 500px) 100vw, 500px\" \/><\/a><\/p>\n<p><a href=\"https:\/\/twitter.com\/_inside\/status\/1056641366489550849\">Guilherme Rambo<\/a> l\u00e4sst sich auf Basis der von ihm ausgegrabenen Informationen zu der Aussage hinrei\u00dfen, dass der von Apple voraussichtlich unter der Modellnummer B332 gef\u00fchrte Apple Pencil 2 sich zus\u00e4tzlich durch Gesten konfigurieren l\u00e4sst (wir hatten das <a href=\"https:\/\/www.ifun.de\/ipad-pro-2018-apple-icon-skizziert-neue-bauform-129037\/\">heute fr\u00fch<\/a> schon kurz angerissen). Durch das Streichen \u00fcber die Seiten des Stifts sollen sich Faktoren wie die Strichst\u00e4rke beim Zeichnen beeinflussen lassen. Es w\u00e4re ohne Frage eindrucksvoll, wenn Apple auf diese Weise zus\u00e4tzliche Kontrollelemente implementieren k\u00f6nnte, wirft allerdings auch die Frage auf, ob sich dadurch nicht das Risiko von Fehlbedienungen erh\u00f6ht.<\/p>\n<p><a href=\"https:\/\/twitter.com\/stroughtonsmith\/status\/1056652300461195271\">Steve Troughton-Smith<\/a> erkl\u00e4rt, wie Apple diese Gefahr seiner Meinung nach relativiert. So soll eine entsprechend g\u00fcnstig platzierte Taste gehalten werden m\u00fcssen, um die M\u00f6glichkeit der Gestensteuerung zu aktivieren &#8211; vergleichbar mit einem \u201eRechtsklick\u201c am Rechner bei gehaltener Steuerungstaste. Konkret sieht der Entwickler die Optionen einmal tippen, doppeltippen und wischen. Das klingt \u201etrocken\u201c nat\u00fcrlich alles sehr kompliziert, aber schon morgen sehen wir, ob Apple dergleichen tats\u00e4chlich anbietet und wie elegant das Ganze dann gel\u00f6st ist.<\/p>\n<p>Einen weiteren Eindruck davon, wie sie neuen iPad-Pro-Modelle ohne Home-Taste wohl aussehen werden, vermittelt uns <a href=\"https:\/\/twitter.com\/venyageskin1\/status\/1056928014766952453\">Ben Geskin<\/a> (Bild oben). Dieser erinnert auch daran, dass sich der neue Apple Pencil m\u00f6glicherweise nicht nur per Magnet direkt am iPad Pro befestigen l\u00e4sst, sondern auf diese Weise auch gleich induktiv geladen wird. Diese Vorstellung ist nicht neu, sondern wurde in der Vergangenheit bereits mehrfach ins Ger\u00fcchterennen geworfen und klingt zumindest auf dem Papier nach einer deutlich harmonischeren und komfortableren L\u00f6sung als das Anstecken des Stifts an den Lightning-Anschluss, der zudem bei den neuen Modellen m\u00f6glicherweise gar nicht mehr existiert.<img loading=\"lazy\" decoding=\"async\" src=\"https:\/\/vg06.met.vgwort.de\/na\/4e3ae2cf8c2646c1ae3541d775e7fac8\" width=\"1\" height=\"1\" class=\"tracking\"><\/p>\n","protected":false},"excerpt":{"rendered":"<a href=\"https:\/\/www.ifun.de\/apple-pencil-2-gesten-rechtsklick-und-induktives-laden-129073\/\"><img width=\"150\" height=\"150\" src=\"https:\/\/images.ifun.de\/wp-content\/uploads\/2018\/10\/ipad-pro-mit-penicl-mockup-150x150.jpg\" class=\"alignright tfe wp-post-image\" alt=\"Ipad Pro Mit Penicl Mockup\" decoding=\"async\" loading=\"lazy\" \/><\/a><p>Im Zusammenhang mit dem morgigen Apple-Event ist auch ein neuer Apple Pencil als Begleiter der erwarteten iPad-Pro-Modelle im Gespr\u00e4ch. Im Vorfeld verleiten in verschiedener Richtung interpretierbare Hinweise in den aktuellen iOS-Testversionen zu interessanten Diskussionen \u00fcber die m\u00f6glichen Funktionen der zweiten Generation von Apples Zeichenstift. Richtet Apple den Fokus verst\u00e4rkt auf professionelle Anwender? Guilherme Rambo l\u00e4sst [&hellip;]<\/p>\n","protected":false},"author":2,"featured_media":129075,"comment_status":"open","ping_status":"closed","sticky":false,"template":"","format":"standard","meta":{"_acf_changed":false,"footnotes":""},"categories":[1],"tags":[2868],"class_list":["post-129073","post","type-post","status-publish","format-standard","has-post-thumbnail","hentry","category-news","tag-apple-pencil"],"acf":[],"aioseo_notices":[],"subheadline":["Die Erwartungen liegen hoch"],"featured_image":["https:\/\/images.ifun.de\/wp-content\/uploads\/2015\/11\/apple-pencil-header.jpg"],"rest_api_enabler":{"subheadline":"Die Erwartungen liegen hoch","featured_image":"https:\/\/images.ifun.de\/wp-content\/uploads\/2015\/11\/apple-pencil-header.jpg"},"_links":{"self":[{"href":"https:\/\/www.ifun.de\/apiv2\/wp\/v2\/posts\/129073","targetHints":{"allow":["GET"]}}],"collection":[{"href":"https:\/\/www.ifun.de\/apiv2\/wp\/v2\/posts"}],"about":[{"href":"https:\/\/www.ifun.de\/apiv2\/wp\/v2\/types\/post"}],"author":[{"embeddable":true,"href":"https:\/\/www.ifun.de\/apiv2\/wp\/v2\/users\/2"}],"replies":[{"embeddable":true,"href":"https:\/\/www.ifun.de\/apiv2\/wp\/v2\/comments?post=129073"}],"version-history":[{"count":3,"href":"https:\/\/www.ifun.de\/apiv2\/wp\/v2\/posts\/129073\/revisions"}],"predecessor-version":[{"id":129077,"href":"https:\/\/www.ifun.de\/apiv2\/wp\/v2\/posts\/129073\/revisions\/129077"}],"wp:featuredmedia":[{"embeddable":true,"href":"https:\/\/www.ifun.de\/apiv2\/wp\/v2\/media\/129075"}],"wp:attachment":[{"href":"https:\/\/www.ifun.de\/apiv2\/wp\/v2\/media?parent=129073"}],"wp:term":[{"taxonomy":"category","embeddable":true,"href":"https:\/\/www.ifun.de\/apiv2\/wp\/v2\/categories?post=129073"},{"taxonomy":"post_tag","embeddable":true,"href":"https:\/\/www.ifun.de\/apiv2\/wp\/v2\/tags?post=129073"}],"curies":[{"name":"wp","href":"https:\/\/api.w.org\/{rel}","templated":true}]}}