{"id":128916,"date":"2018-10-25T09:01:34","date_gmt":"2018-10-25T07:01:34","guid":{"rendered":"https:\/\/www.ifun.de\/?p=128916"},"modified":"2018-10-25T09:01:47","modified_gmt":"2018-10-25T07:01:47","slug":"apple-tv-die-events-app-ist-vorbereitet","status":"publish","type":"post","link":"https:\/\/www.ifun.de\/apple-tv-die-events-app-ist-vorbereitet-128916\/","title":{"rendered":"Apple TV: Die Events-App ist vorbereitet"},"content":{"rendered":"<p>Wenn ihr am Dienstag-Nachmittag noch nicht verplant seid und <a href=\"https:\/\/www.ifun.de\/neue-ipads-und-macs-apple-event-am-30-oktober-in-new-york-128656\/\">das Apple-Event<\/a> in der kommenden Woche live mitverfolgen wollt, k\u00f6nnt ihr die n\u00f6tigen Vorbereitungen jetzt schon treffen und sofern noch nicht geschehen die <a rel=\"noindex, nofollow\" href=\"http:\/\/www.ifun.de\/app\/1090599922\">Apple Events-App<\/a> auf eurem Apple TV installieren.<\/p>\n<p><a href=\"https:\/\/images.ifun.de\/wp-content\/uploads\/2018\/10\/apple-special-event.jpg\"><img decoding=\"async\" src=\"https:\/\/images.ifun.de\/wp-content\/uploads\/2018\/10\/apple-special-event.jpg\" alt=\"Apple Special Event\" width=\"500\" class=\"aligncenter size-full wp-image-128918\" srcset=\"https:\/\/images.ifun.de\/wp-content\/uploads\/2018\/10\/apple-special-event.jpg 1000w, https:\/\/images.ifun.de\/wp-content\/uploads\/2018\/10\/apple-special-event-300x176.jpg 300w, https:\/\/images.ifun.de\/wp-content\/uploads\/2018\/10\/apple-special-event-768x451.jpg 768w\" sizes=\"(max-width: 1000px) 100vw, 1000px\" \/><\/a><\/p>\n<p>Apple hat die Anwendung aktualisiert und mit einem Link zu dem am Dienstag ab 15 Uhr unserer Zeit verf\u00fcgbaren Livestream ausgestattet. Auf Apple TV 4 bzw. 4K kommt es teils zu Problemen mit der Aktualisierung der App. Sollte das neue Apple-Event bei euch noch nicht angezeigt werden dann hilft es, wenn ihr in den Apple TV App Store springt, die App dort ausw\u00e4hlt und von dort aus \u00f6ffnet.<\/p>\n<p>In der App-Beschreibung notiert Apple: <\/p>\n<blockquote><p>\u00dcber die App \u201eApple Events&#8220; stehen die wichtigsten Ank\u00fcndigungen des Unternehmens wie Pr\u00e4sentationen von Apple CEO Tim Cook als Live- und On-Demand-Videos zur Verf\u00fcgung.<\/p><\/blockquote>\n<!-- WP-Appbox (Version: 4.5.12 \/\/ Store: appstore \/\/ ID: 1090599922) -->\t<!-- app-link -->\n\t<div id=\"article-single-app-preview\">\n\t\t<div id=\"article-single-app-preview-header\">\n\t\t\t<span class=\"title\">Laden im App Store<\/span>\n\t\t<\/div>\n\t\t<div id=\"article-single-app-preview-content\">\n\t\t\t<div id=\"article-single-app-preview-img\"><img loading=\"lazy\" decoding=\"async\" src=\"\/\/is2-ssl.mzstatic.com\/image\/thumb\/Purple113\/v4\/d0\/97\/0b\/d0970b6f-066b-8de3-1879-d6286b0dc083\/App_Icon-marketing.lsr\/203x0w.jpg\" alt=\"\u200eApple Events\"  height=\"72\" width=\"72\" class=\"asl-icon-img\" \/><\/div>\n\t\t\t<div id=\"article-single-app-preview-desc\">\n\t\t\t\t<span class=\"name\">\u200eApple Events<\/span><br \/>\n\t\t\t\t<span class=\"seller\">Entwickler: <a target=\"_blank\" rel=\"nofollow\" href=\"https:\/\/apps.apple.com\/de\/developer\/apple\/id284417353?mt=12\">Apple<\/a><\/span>\n\t\t\t<\/div>\n\t\t\t<a target=\"_blank\" rel=\"nofollow\" href=\"https:\/\/apps.apple.com\/de\/app\/apple-events\/id1090599922\"><div id=\"article-single-app-preview-download\">Preis: Kostenlos<br \/>\n\t\t\t<span class=\"size\">Laden<\/span><\/div><\/a>\n\t\t<\/div>\n\t\t<!-- <div id=\"article-single-app-preview-footer\"><\/div>\t-->\n\t<\/div>\n\t<!-- app-link\/ende --><!-- \/WP-Appbox -->\n","protected":false},"excerpt":{"rendered":"<a href=\"https:\/\/www.ifun.de\/apple-tv-die-events-app-ist-vorbereitet-128916\/\"><img width=\"150\" height=\"150\" src=\"https:\/\/images.ifun.de\/wp-content\/uploads\/2018\/10\/apple-special-event-150x150.jpg\" class=\"alignright tfe wp-post-image\" alt=\"Apple Special Event\" decoding=\"async\" loading=\"lazy\" \/><\/a><p>Wenn ihr am Dienstag-Nachmittag noch nicht verplant seid und das Apple-Event in der kommenden Woche live mitverfolgen wollt, k\u00f6nnt ihr die n\u00f6tigen Vorbereitungen jetzt schon treffen und sofern noch nicht geschehen die Apple Events-App auf eurem Apple TV installieren. Apple hat die Anwendung aktualisiert und mit einem Link zu dem am Dienstag ab 15 Uhr [&hellip;]<\/p>\n","protected":false},"author":1,"featured_media":128918,"comment_status":"open","ping_status":"closed","sticky":false,"template":"","format":"standard","meta":{"_acf_changed":false,"footnotes":""},"categories":[1],"tags":[26,4737,288],"class_list":["post-128916","post","type-post","status-publish","format-standard","has-post-thumbnail","hentry","category-news","tag-apple-tv","tag-apps","tag-event"],"acf":[],"aioseo_notices":[],"subheadline":["Bereit f\u00fcr den 30. Oktober "],"featured_image":["https:\/\/images.ifun.de\/wp-content\/uploads\/2018\/10\/apple-events-app.jpg"],"rest_api_enabler":{"subheadline":"Bereit f\u00fcr den 30. Oktober ","featured_image":"https:\/\/images.ifun.de\/wp-content\/uploads\/2018\/10\/apple-events-app.jpg"},"_links":{"self":[{"href":"https:\/\/www.ifun.de\/apiv2\/wp\/v2\/posts\/128916","targetHints":{"allow":["GET"]}}],"collection":[{"href":"https:\/\/www.ifun.de\/apiv2\/wp\/v2\/posts"}],"about":[{"href":"https:\/\/www.ifun.de\/apiv2\/wp\/v2\/types\/post"}],"author":[{"embeddable":true,"href":"https:\/\/www.ifun.de\/apiv2\/wp\/v2\/users\/1"}],"replies":[{"embeddable":true,"href":"https:\/\/www.ifun.de\/apiv2\/wp\/v2\/comments?post=128916"}],"version-history":[{"count":1,"href":"https:\/\/www.ifun.de\/apiv2\/wp\/v2\/posts\/128916\/revisions"}],"predecessor-version":[{"id":128919,"href":"https:\/\/www.ifun.de\/apiv2\/wp\/v2\/posts\/128916\/revisions\/128919"}],"wp:featuredmedia":[{"embeddable":true,"href":"https:\/\/www.ifun.de\/apiv2\/wp\/v2\/media\/128918"}],"wp:attachment":[{"href":"https:\/\/www.ifun.de\/apiv2\/wp\/v2\/media?parent=128916"}],"wp:term":[{"taxonomy":"category","embeddable":true,"href":"https:\/\/www.ifun.de\/apiv2\/wp\/v2\/categories?post=128916"},{"taxonomy":"post_tag","embeddable":true,"href":"https:\/\/www.ifun.de\/apiv2\/wp\/v2\/tags?post=128916"}],"curies":[{"name":"wp","href":"https:\/\/api.w.org\/{rel}","templated":true}]}}