{"id":128893,"date":"2018-10-24T16:41:15","date_gmt":"2018-10-24T14:41:15","guid":{"rendered":"https:\/\/www.ifun.de\/?p=128893"},"modified":"2018-10-24T17:58:12","modified_gmt":"2018-10-24T15:58:12","slug":"eu-datenschutzkonferenz-erster-videomitschnitt-der-cook-rede-verfuegbar","status":"publish","type":"post","link":"https:\/\/www.ifun.de\/eu-datenschutzkonferenz-erster-videomitschnitt-der-cook-rede-verfuegbar-128893\/","title":{"rendered":"EU-Datenschutzkonferenz: Erster Videomitschnitt der Cook-Rede verf\u00fcgbar"},"content":{"rendered":"<p><a href=\"https:\/\/www.youtube.com\/user\/EDPS2011\/videos\"><\/a>Wie <a href=\"https:\/\/www.ifun.de\/tim-cook-haelt-eroeffnungsrede-auf-datenschutzkonferenz-der-eu-128036\/\">angek\u00fcndigt<\/a> hat sich Apple-Chef Tim Cook im Rahmen seiner Europa-Reise nicht nur das Brandenburger Tor <a href=\"https:\/\/www.ifun.de\/tim-cook-in-deutschland-schoen-wieder-einmal-in-berlin-zu-sein-128735\/\">angesehen<\/a>, sondern auch eine Rede auf der Datenschutzkonferenz <a href=\"https:\/\/www.privacyconference2018.org\/en\">ICDPPC 2018<\/a> des Europ\u00e4ische Datenschutzbeauftragten gehalten. <\/p>\n<blockquote class=\"twitter-tweet\" data-lang=\"en\">\n<p lang=\"en\" dir=\"ltr\">.<a href=\"https:\/\/twitter.com\/tim_cook?ref_src=twsrc%5Etfw\">@tim_cook<\/a> Now more than ever, in these transformative times, we must ask ourselves: what kind of world do we want to live in? Apple wants to be a partner in answering this question <a href=\"https:\/\/twitter.com\/hashtag\/debatingEthics?src=hash&amp;ref_src=twsrc%5Etfw\">#debatingEthics<\/a> <a href=\"https:\/\/twitter.com\/hashtag\/ICDPPC2018?src=hash&amp;ref_src=twsrc%5Etfw\">#ICDPPC2018<\/a> <a href=\"https:\/\/t.co\/BJT6Tp3IBA\">pic.twitter.com\/BJT6Tp3IBA<\/a><\/p>\n<p>&mdash; ICDPPC2018 (@icdppc2018) <a href=\"https:\/\/twitter.com\/icdppc2018\/status\/1055011807021187074?ref_src=twsrc%5Etfw\">October 24, 2018<\/a><\/p><\/blockquote>\n<p><script async src=\"https:\/\/platform.twitter.com\/widgets.js\" charset=\"utf-8\"><\/script><\/p>\n<p>Inzwischen steht ein erster <a href=\"https:\/\/www.pscp.tv\/w\/1vAxREQYDggJl\">Video-Mitschnitt der Rede<\/a> auf dem Streaming-Portal Periscope zur Verf\u00fcgung &#8211; es ist jedoch davon auszugehen, dass der offizielle YouTube-Kanal des Europ\u00e4ische Datenschutzbeauftragten demn\u00e4chst eine Fassung in <a href=\"https:\/\/www.youtube.com\/watch?v=kVhOLkIs20A&#038;app=desktop\">besserer Qualit\u00e4t<\/a> bereitstellen d\u00fcrfte. <\/p>\n<p>Die Konferenz-Leitung der ICDPPC 2018 hat ausgew\u00e4hlte Zitate des Apple-Chefs auf Twitter ver\u00f6ffentlicht. Dieser betonte im Rahmen seiner Rede mehrmals das <a href=\"https:\/\/www.ifun.de\/privatsphaere-als-kaufgrund-apple-geht-in-die-offensive-128573\/\">Selbstverst\u00e4ndnis Apples<\/a>, begr\u00fc\u00dfte europ\u00e4ische Initiativen wie die GDPR-Verordnung und forderte auch den US-Gesetzgeber zum Handeln auf.  <\/p>\n<blockquote><p>Now more than ever, in these transformative times, we must ask ourselves: what kind of world do we want to live in? <\/p><\/blockquote>\n<p><div class=\"responsive-video\"><iframe loading=\"lazy\" width=\"700\" height=\"371\" src=\"https:\/\/www.youtube-nocookie.com\/embed\/kVhOLkIs20A\" frameborder=\"0\" allowfullscreen><\/iframe><\/div><\/p>\n<p><h8>Update: Wir haben das Video durch eine qualitativ bessere Fassung ausgetauscht. Danke Marco!<\/h8><\/p>\n","protected":false},"excerpt":{"rendered":"<a href=\"https:\/\/www.ifun.de\/eu-datenschutzkonferenz-erster-videomitschnitt-der-cook-rede-verfuegbar-128893\/\"><img width=\"150\" height=\"150\" src=\"https:\/\/images.ifun.de\/wp-content\/uploads\/2018\/10\/cook-europa-150x150.jpg\" class=\"alignright tfe wp-post-image\" alt=\"Cook Europa\" decoding=\"async\" loading=\"lazy\" \/><\/a><p>Wie angek\u00fcndigt hat sich Apple-Chef Tim Cook im Rahmen seiner Europa-Reise nicht nur das Brandenburger Tor angesehen, sondern auch eine Rede auf der Datenschutzkonferenz ICDPPC 2018 des Europ\u00e4ische Datenschutzbeauftragten gehalten. .@tim_cook Now more than ever, in these transformative times, we must ask ourselves: what kind of world do we want to live in? Apple wants [&hellip;]<\/p>\n","protected":false},"author":1,"featured_media":128896,"comment_status":"open","ping_status":"closed","sticky":false,"template":"","format":"standard","meta":{"_acf_changed":false,"footnotes":""},"categories":[20],"tags":[4736,990,246,614],"class_list":["post-128893","post","type-post","status-publish","format-standard","has-post-thumbnail","hentry","category-videos","tag-apple","tag-datenschutz","tag-europa","tag-tim-cook"],"acf":[],"aioseo_notices":[],"subheadline":["Tim Cook spricht in Br\u00fcssel"],"featured_image":["https:\/\/images.ifun.de\/wp-content\/uploads\/2018\/10\/cook-europa.jpg"],"rest_api_enabler":{"subheadline":"Tim Cook spricht in Br\u00fcssel","featured_image":"https:\/\/images.ifun.de\/wp-content\/uploads\/2018\/10\/cook-europa.jpg"},"_links":{"self":[{"href":"https:\/\/www.ifun.de\/apiv2\/wp\/v2\/posts\/128893","targetHints":{"allow":["GET"]}}],"collection":[{"href":"https:\/\/www.ifun.de\/apiv2\/wp\/v2\/posts"}],"about":[{"href":"https:\/\/www.ifun.de\/apiv2\/wp\/v2\/types\/post"}],"author":[{"embeddable":true,"href":"https:\/\/www.ifun.de\/apiv2\/wp\/v2\/users\/1"}],"replies":[{"embeddable":true,"href":"https:\/\/www.ifun.de\/apiv2\/wp\/v2\/comments?post=128893"}],"version-history":[{"count":5,"href":"https:\/\/www.ifun.de\/apiv2\/wp\/v2\/posts\/128893\/revisions"}],"predecessor-version":[{"id":128907,"href":"https:\/\/www.ifun.de\/apiv2\/wp\/v2\/posts\/128893\/revisions\/128907"}],"wp:featuredmedia":[{"embeddable":true,"href":"https:\/\/www.ifun.de\/apiv2\/wp\/v2\/media\/128896"}],"wp:attachment":[{"href":"https:\/\/www.ifun.de\/apiv2\/wp\/v2\/media?parent=128893"}],"wp:term":[{"taxonomy":"category","embeddable":true,"href":"https:\/\/www.ifun.de\/apiv2\/wp\/v2\/categories?post=128893"},{"taxonomy":"post_tag","embeddable":true,"href":"https:\/\/www.ifun.de\/apiv2\/wp\/v2\/tags?post=128893"}],"curies":[{"name":"wp","href":"https:\/\/api.w.org\/{rel}","templated":true}]}}