{"id":128524,"date":"2018-10-16T16:24:00","date_gmt":"2018-10-16T14:24:00","guid":{"rendered":"https:\/\/www.ifun.de\/?p=128524"},"modified":"2018-10-16T16:25:22","modified_gmt":"2018-10-16T14:25:22","slug":"tim-cook-im-video-interview-wir-erstellen-keine-nutzerprofile","status":"publish","type":"post","link":"https:\/\/www.ifun.de\/tim-cook-im-video-interview-wir-erstellen-keine-nutzerprofile-128524\/","title":{"rendered":"Tim Cook im Video-Interview: &#8222;Wir erstellen keine Nutzerprofile&#8220;"},"content":{"rendered":"<p>\u00abWir erstellen keine detaillierten Profile unserer Anwender &#8211; das ist nicht unser Business!\u00bb Die Spitzen des Apple-Chefs Tim Cook, die unausgesprochen aber dennoch eindeutig in Richtung Google zielen, werden aggressiver. <\/p>\n<p><a href=\"https:\/\/images.ifun.de\/wp-content\/uploads\/2018\/10\/cook-datenschutz.jpg\"><img decoding=\"async\" src=\"https:\/\/images.ifun.de\/wp-content\/uploads\/2018\/10\/cook-datenschutz.jpg\" alt=\"Cook Datenschutz\" width=\"500\"  class=\"aligncenter size-full wp-image-128526\" srcset=\"https:\/\/images.ifun.de\/wp-content\/uploads\/2018\/10\/cook-datenschutz.jpg 1000w, https:\/\/images.ifun.de\/wp-content\/uploads\/2018\/10\/cook-datenschutz-300x179.jpg 300w, https:\/\/images.ifun.de\/wp-content\/uploads\/2018\/10\/cook-datenschutz-768x459.jpg 768w\" sizes=\"(max-width: 1000px) 100vw, 1000px\" \/><\/a><\/p>\n<p>Mit dem Cambridge Analytica-Skandal im R\u00fccken und den j\u00fcngst bekanntgewordenen Datenpannen von Google und Facebook vor Augen, hat der Apple-CEO in seinem Video-Interview gezielt das Datenschutz-Selbstverst\u00e4ndnis Cupertinos ins Rampenlicht ger\u00fcckt.  <\/p>\n<p>Apples Ingenieure w\u00fcrden sich regelm\u00e4\u00dfig selbst herausfordern L\u00f6sungen zu Entwickeln, die nicht auf die Auswertung von auf Nutzerdaten angewiesen sind. Apple arbeitet Datensparsam und Cook ist sichtbar stolz, dieses Alleinstellungsmerkmal zum Kaufargument f\u00fcr iPhone, Apple Watch, iPad, Mac und Co zu machen.  <\/p>\n<blockquote><p>[&#8230;] Facebook hat am Freitag bekannt gegeben, dass man die gr\u00f6\u00dfte Sicherheitsl\u00fccke in der Firmengeschichte entdeckt habe, von der 50 Millionen Nutzer betroffen sind. Laut Cook k\u00f6nne so eine Datenpanne bei Apple gar nicht passieren, da die pers\u00f6nlichen Daten, die Apple sammelt, auf dem iPhones der Anwender verbleiben und selbst Apple nicht darauf zugreifen kann. &#8222;Wir arbeiten nicht daran, ein detailliertes Profil unserer Anwender zu erstellen&#8220;, so Cook. &#8222;Schon w\u00e4hrend des Produktdesigns, fordern wir uns heraus, so wenig wie m\u00f6glich Daten zu erheben. <\/p>\n<p>[&#8230;] Das hat Apple einiges gekostet. Apple Music zum Beispiel k\u00f6nnte detaillierte Nutzerprofile erstellen und diese an Werbetreibende verkaufen, wie dies die Mitbewerber Spotify, Pandora und Google Music tun. Doch Cook sieht darin einen Affront gegen das Grundversprechen der Marke Apple.<\/p><\/blockquote>\n<p>Das VICE-Interview wurde Anfang Oktober aufgezeichnet. Bereits in der kommenden Woche wird Tim Cook die Er\u00f6ffnungsrede auf der Datenschutzkonferenz der EU halten &#8211; <a href=\"https:\/\/www.ifun.de\/tim-cook-haelt-eroeffnungsrede-auf-datenschutzkonferenz-der-eu-128036\/\">ifun.de berichtete<\/a>.<\/p>\n<p><div class=\"responsive-video\"><iframe loading=\"lazy\" width=\"700\" height=\"371\" src=\"https:\/\/www.youtube-nocookie.com\/embed\/VD1cP8SK3Q0\" frameborder=\"0\" allowfullscreen><\/iframe><\/div><\/p>\n","protected":false},"excerpt":{"rendered":"<a href=\"https:\/\/www.ifun.de\/tim-cook-im-video-interview-wir-erstellen-keine-nutzerprofile-128524\/\"><img width=\"150\" height=\"150\" src=\"https:\/\/images.ifun.de\/wp-content\/uploads\/2018\/10\/tim-cook-interviews-150x150.jpg\" class=\"alignright tfe wp-post-image\" alt=\"Tim Cook Interviews\" decoding=\"async\" loading=\"lazy\" \/><\/a><p>\u00abWir erstellen keine detaillierten Profile unserer Anwender &#8211; das ist nicht unser Business!\u00bb Die Spitzen des Apple-Chefs Tim Cook, die unausgesprochen aber dennoch eindeutig in Richtung Google zielen, werden aggressiver. Mit dem Cambridge Analytica-Skandal im R\u00fccken und den j\u00fcngst bekanntgewordenen Datenpannen von Google und Facebook vor Augen, hat der Apple-CEO in seinem Video-Interview gezielt das [&hellip;]<\/p>\n","protected":false},"author":1,"featured_media":128527,"comment_status":"open","ping_status":"closed","sticky":false,"template":"","format":"standard","meta":{"_acf_changed":false,"footnotes":""},"categories":[3],"tags":[4736,990,736,614,31],"class_list":["post-128524","post","type-post","status-publish","format-standard","has-post-thumbnail","hentry","category-apple","tag-apple","tag-datenschutz","tag-interview","tag-tim-cook","tag-video"],"acf":[],"aioseo_notices":[],"subheadline":["10 Minuten im Gespr\u00e4ch"],"featured_image":["https:\/\/images.ifun.de\/wp-content\/uploads\/2018\/10\/tim-cook-interviews.jpg"],"rest_api_enabler":{"subheadline":"10 Minuten im Gespr\u00e4ch","featured_image":"https:\/\/images.ifun.de\/wp-content\/uploads\/2018\/10\/tim-cook-interviews.jpg"},"_links":{"self":[{"href":"https:\/\/www.ifun.de\/apiv2\/wp\/v2\/posts\/128524","targetHints":{"allow":["GET"]}}],"collection":[{"href":"https:\/\/www.ifun.de\/apiv2\/wp\/v2\/posts"}],"about":[{"href":"https:\/\/www.ifun.de\/apiv2\/wp\/v2\/types\/post"}],"author":[{"embeddable":true,"href":"https:\/\/www.ifun.de\/apiv2\/wp\/v2\/users\/1"}],"replies":[{"embeddable":true,"href":"https:\/\/www.ifun.de\/apiv2\/wp\/v2\/comments?post=128524"}],"version-history":[{"count":3,"href":"https:\/\/www.ifun.de\/apiv2\/wp\/v2\/posts\/128524\/revisions"}],"predecessor-version":[{"id":128529,"href":"https:\/\/www.ifun.de\/apiv2\/wp\/v2\/posts\/128524\/revisions\/128529"}],"wp:featuredmedia":[{"embeddable":true,"href":"https:\/\/www.ifun.de\/apiv2\/wp\/v2\/media\/128527"}],"wp:attachment":[{"href":"https:\/\/www.ifun.de\/apiv2\/wp\/v2\/media?parent=128524"}],"wp:term":[{"taxonomy":"category","embeddable":true,"href":"https:\/\/www.ifun.de\/apiv2\/wp\/v2\/categories?post=128524"},{"taxonomy":"post_tag","embeddable":true,"href":"https:\/\/www.ifun.de\/apiv2\/wp\/v2\/tags?post=128524"}],"curies":[{"name":"wp","href":"https:\/\/api.w.org\/{rel}","templated":true}]}}