{"id":128377,"date":"2018-10-12T18:01:10","date_gmt":"2018-10-12T16:01:10","guid":{"rendered":"https:\/\/www.ifun.de\/?p=128377"},"modified":"2018-10-12T18:06:36","modified_gmt":"2018-10-12T16:06:36","slug":"detaillierte-renderings-sollen-die-neuen-ipad-pro-modelle-zeigen","status":"publish","type":"post","link":"https:\/\/www.ifun.de\/detaillierte-renderings-sollen-die-neuen-ipad-pro-modelle-zeigen-128377\/","title":{"rendered":"Detaillierte Renderings sollen die neuen iPad-Pro-Modelle zeigen"},"content":{"rendered":"<p>Wenngleich uns Apple weiter zappeln l\u00e4sst und es keinerlei Best\u00e4tigung daf\u00fcr gibt, dass wir in diesem Jahr tats\u00e4chlich noch neue iPad-Pro-Modelle sehen. Die Vielzahl der Hinweise diesbez\u00fcglich l\u00e4sst daran kaum zweifeln. Brandneu gibt es nun mehrere <a href=\"https:\/\/imgur.com\/a\/WeZX8OE\/\">Konstruktionszeichnungen<\/a> zu sehen, die mit allerhand interessanten Details aufwarten k\u00f6nnen<\/p>\n<p>Nehmt die auf der Webseite <a href=\"http:\/\/www.slashleaks.com\">Slashleaks<\/a> ver\u00f6ffentlichten Grafiken nicht gleich f\u00fcr bare M\u00fcnze. Wenngleich es im Moment keinen konkreten Grund gibt, an der Echtheit der Bilder zu zweifeln, kann am Ende dann doch wieder alles ganz anders kommen.<\/p>\n<p><a href=\"https:\/\/images.ifun.de\/wp-content\/uploads\/2018\/10\/ipad-pro-leak-grafik.jpg\"><img loading=\"lazy\" decoding=\"async\" src=\"https:\/\/images.ifun.de\/wp-content\/uploads\/2018\/10\/ipad-pro-leak-grafik.jpg\" alt=\"Ipad Pro Leak Grafik\" width=\"700\" height=\"535\" class=\"alignnone size-full wp-image-128380\" srcset=\"https:\/\/images.ifun.de\/wp-content\/uploads\/2018\/10\/ipad-pro-leak-grafik.jpg 1400w, https:\/\/images.ifun.de\/wp-content\/uploads\/2018\/10\/ipad-pro-leak-grafik-300x229.jpg 300w, https:\/\/images.ifun.de\/wp-content\/uploads\/2018\/10\/ipad-pro-leak-grafik-768x587.jpg 768w, https:\/\/images.ifun.de\/wp-content\/uploads\/2018\/10\/ipad-pro-leak-grafik-1024x783.jpg 1024w\" sizes=\"auto, (max-width: 700px) 100vw, 700px\" \/><\/a><\/p>\n<p>So oder so geben die Bilder einen ganz guten Eindruck davon, was mit einem iPad ohne Home-Taste auf uns zukommen k\u00f6nnte. Interessant ist der USB-C-Anschluss, ein potenzieller Wechsel auf USB-C war ja schon in den letzten Wochen mehrfach Thema, und der seitliche \u201eSchieber\u201c. Hier wird spekuliert, dass es sich eine Magnethalterung mit induktiver Ladefunktion f\u00fcr eine neue Version des Apple Pencil handeln k\u00f6nnte.<\/p>\n<p><a href=\"https:\/\/images.ifun.de\/wp-content\/uploads\/2018\/10\/details.jpg\"><img loading=\"lazy\" decoding=\"async\" src=\"https:\/\/images.ifun.de\/wp-content\/uploads\/2018\/10\/details.jpg\" alt=\"Details\" width=\"700\" height=\"91\" class=\"alignnone size-full wp-image-128383\" srcset=\"https:\/\/images.ifun.de\/wp-content\/uploads\/2018\/10\/details.jpg 700w, https:\/\/images.ifun.de\/wp-content\/uploads\/2018\/10\/details-300x39.jpg 300w\" sizes=\"auto, (max-width: 700px) 100vw, 700px\" \/><\/a><\/p>\n<h6>Details: Links der komische &#8222;Schalter&#8220;, rechts der USB-C-Anschluss<\/h6>\n","protected":false},"excerpt":{"rendered":"<a href=\"https:\/\/www.ifun.de\/detaillierte-renderings-sollen-die-neuen-ipad-pro-modelle-zeigen-128377\/\"><img width=\"150\" height=\"91\" src=\"https:\/\/images.ifun.de\/wp-content\/uploads\/2018\/10\/details-150x91.jpg\" class=\"alignright tfe wp-post-image\" alt=\"Details\" decoding=\"async\" loading=\"lazy\" \/><\/a><p>Wenngleich uns Apple weiter zappeln l\u00e4sst und es keinerlei Best\u00e4tigung daf\u00fcr gibt, dass wir in diesem Jahr tats\u00e4chlich noch neue iPad-Pro-Modelle sehen. Die Vielzahl der Hinweise diesbez\u00fcglich l\u00e4sst daran kaum zweifeln. Brandneu gibt es nun mehrere Konstruktionszeichnungen zu sehen, die mit allerhand interessanten Details aufwarten k\u00f6nnen Nehmt die auf der Webseite Slashleaks ver\u00f6ffentlichten Grafiken nicht [&hellip;]<\/p>\n","protected":false},"author":2,"featured_media":128383,"comment_status":"open","ping_status":"closed","sticky":false,"template":"","format":"standard","meta":{"_acf_changed":false,"footnotes":""},"categories":[1],"tags":[2486],"class_list":["post-128377","post","type-post","status-publish","format-standard","has-post-thumbnail","hentry","category-news","tag-ipad-pro"],"acf":[],"aioseo_notices":[],"featured_image":["https:\/\/images.ifun.de\/wp-content\/uploads\/2018\/10\/ipad-pro-konstruktionszeichnung.jpg"],"subheadline":["Angeblich echt"],"rest_api_enabler":{"featured_image":"https:\/\/images.ifun.de\/wp-content\/uploads\/2018\/10\/ipad-pro-konstruktionszeichnung.jpg","subheadline":"Angeblich echt"},"_links":{"self":[{"href":"https:\/\/www.ifun.de\/apiv2\/wp\/v2\/posts\/128377","targetHints":{"allow":["GET"]}}],"collection":[{"href":"https:\/\/www.ifun.de\/apiv2\/wp\/v2\/posts"}],"about":[{"href":"https:\/\/www.ifun.de\/apiv2\/wp\/v2\/types\/post"}],"author":[{"embeddable":true,"href":"https:\/\/www.ifun.de\/apiv2\/wp\/v2\/users\/2"}],"replies":[{"embeddable":true,"href":"https:\/\/www.ifun.de\/apiv2\/wp\/v2\/comments?post=128377"}],"version-history":[{"count":5,"href":"https:\/\/www.ifun.de\/apiv2\/wp\/v2\/posts\/128377\/revisions"}],"predecessor-version":[{"id":128385,"href":"https:\/\/www.ifun.de\/apiv2\/wp\/v2\/posts\/128377\/revisions\/128385"}],"wp:featuredmedia":[{"embeddable":true,"href":"https:\/\/www.ifun.de\/apiv2\/wp\/v2\/media\/128383"}],"wp:attachment":[{"href":"https:\/\/www.ifun.de\/apiv2\/wp\/v2\/media?parent=128377"}],"wp:term":[{"taxonomy":"category","embeddable":true,"href":"https:\/\/www.ifun.de\/apiv2\/wp\/v2\/categories?post=128377"},{"taxonomy":"post_tag","embeddable":true,"href":"https:\/\/www.ifun.de\/apiv2\/wp\/v2\/tags?post=128377"}],"curies":[{"name":"wp","href":"https:\/\/api.w.org\/{rel}","templated":true}]}}