{"id":128322,"date":"2018-10-11T14:56:24","date_gmt":"2018-10-11T12:56:24","guid":{"rendered":"https:\/\/www.ifun.de\/?p=128322"},"modified":"2018-10-11T14:57:15","modified_gmt":"2018-10-11T12:57:15","slug":"apple-uebernimmt-deutsche-niederlassungen-von-chip-fabrikant","status":"publish","type":"post","link":"https:\/\/www.ifun.de\/apple-uebernimmt-deutsche-niederlassungen-von-chip-fabrikant-128322\/","title":{"rendered":"Apple \u00fcbernimmt deutsche Niederlassungen von Chip-Fabrikant"},"content":{"rendered":"<p>Apple kauft sich bei dem Technologieunternehmen <a href=\"https:\/\/www.dialog-semiconductor.com\"> Dialog Semiconductor <\/a> ein und \u00fcbernimmt in diesem Zusammenhang auch dessen deutsche Niederlassungen im baden-w\u00fcrttembergischen Kirchheim\/Teck und Germering bei M\u00fcnchen. Das global t\u00e4tige Unternehmen hat sich unter anderem auf Lademanagement- und Energieversorgungsl\u00f6sungen f\u00fcr Mobilger\u00e4te spezialisiert.<\/p>\n<p>Die Vereinbarung der beiden Unternehmen sieht vor, dass Apple unter anderem Powermanagement-Technologien von Dialog Semiconductor lizenziert. Zudem werden mehr als 300 Mitarbeiter des Unternehmens von Apple \u00fcbernommen, die teils jetzt schon an der Entwicklung von Apple-Prozessoren beteiligt sind.<\/p>\n<p><a href=\"https:\/\/images.ifun.de\/wp-content\/uploads\/2018\/10\/Dialog-Semiconductor-kirchheim-labor.jpg\"><img loading=\"lazy\" decoding=\"async\" src=\"https:\/\/images.ifun.de\/wp-content\/uploads\/2018\/10\/Dialog-Semiconductor-kirchheim-labor.jpg\" alt=\"Dialog Semiconductor Kirchheim Labor\" width=\"700\" height=\"370\" class=\"alignnone size-full wp-image-128326\" srcset=\"https:\/\/images.ifun.de\/wp-content\/uploads\/2018\/10\/Dialog-Semiconductor-kirchheim-labor.jpg 700w, https:\/\/images.ifun.de\/wp-content\/uploads\/2018\/10\/Dialog-Semiconductor-kirchheim-labor-300x159.jpg 300w\" sizes=\"auto, (max-width: 700px) 100vw, 700px\" \/><\/a><\/p>\n<h6>Testlabor von Dialog Semiconductor in Kirchheim\/Teck<\/h6>\n<p>Apple l\u00e4sst sich die Transaktion 300 Millionen Dollar kosten und gew\u00e4hrt Dialog Semiconductor zudem einen Vorschuss in gleicher H\u00f6he, der durch Produktlieferungen in den kommenden drei Jahren abgegolten werden soll. Die Zustimmung der Kontrollbeh\u00f6rden vorausgesetzt soll die Transaktion in der ersten H\u00e4lfte des kommenden Jahres zum Abschluss kommen.<\/p>\n","protected":false},"excerpt":{"rendered":"<a href=\"https:\/\/www.ifun.de\/apple-uebernimmt-deutsche-niederlassungen-von-chip-fabrikant-128322\/\"><img width=\"150\" height=\"150\" src=\"https:\/\/images.ifun.de\/wp-content\/uploads\/2018\/10\/Dialog-Semiconductor-kirchheim-labor-150x150.jpg\" class=\"alignright tfe wp-post-image\" alt=\"Dialog Semiconductor Kirchheim Labor\" decoding=\"async\" loading=\"lazy\" \/><\/a><p>Apple kauft sich bei dem Technologieunternehmen Dialog Semiconductor ein und \u00fcbernimmt in diesem Zusammenhang auch dessen deutsche Niederlassungen im baden-w\u00fcrttembergischen Kirchheim\/Teck und Germering bei M\u00fcnchen. Das global t\u00e4tige Unternehmen hat sich unter anderem auf Lademanagement- und Energieversorgungsl\u00f6sungen f\u00fcr Mobilger\u00e4te spezialisiert. Die Vereinbarung der beiden Unternehmen sieht vor, dass Apple unter anderem Powermanagement-Technologien von Dialog Semiconductor [&hellip;]<\/p>\n","protected":false},"author":2,"featured_media":128326,"comment_status":"open","ping_status":"closed","sticky":false,"template":"","format":"standard","meta":{"_acf_changed":false,"footnotes":""},"categories":[3],"tags":[4314],"class_list":["post-128322","post","type-post","status-publish","format-standard","has-post-thumbnail","hentry","category-apple","tag-dialog-semiconductor"],"acf":[],"aioseo_notices":[],"subheadline":["Einkauf bei Dialog Semiconductor"],"featured_image":["https:\/\/images.ifun.de\/wp-content\/uploads\/2016\/03\/apple-haus-header.jpg"],"rest_api_enabler":{"subheadline":"Einkauf bei Dialog Semiconductor","featured_image":"https:\/\/images.ifun.de\/wp-content\/uploads\/2016\/03\/apple-haus-header.jpg"},"_links":{"self":[{"href":"https:\/\/www.ifun.de\/apiv2\/wp\/v2\/posts\/128322","targetHints":{"allow":["GET"]}}],"collection":[{"href":"https:\/\/www.ifun.de\/apiv2\/wp\/v2\/posts"}],"about":[{"href":"https:\/\/www.ifun.de\/apiv2\/wp\/v2\/types\/post"}],"author":[{"embeddable":true,"href":"https:\/\/www.ifun.de\/apiv2\/wp\/v2\/users\/2"}],"replies":[{"embeddable":true,"href":"https:\/\/www.ifun.de\/apiv2\/wp\/v2\/comments?post=128322"}],"version-history":[{"count":6,"href":"https:\/\/www.ifun.de\/apiv2\/wp\/v2\/posts\/128322\/revisions"}],"predecessor-version":[{"id":128329,"href":"https:\/\/www.ifun.de\/apiv2\/wp\/v2\/posts\/128322\/revisions\/128329"}],"wp:featuredmedia":[{"embeddable":true,"href":"https:\/\/www.ifun.de\/apiv2\/wp\/v2\/media\/128326"}],"wp:attachment":[{"href":"https:\/\/www.ifun.de\/apiv2\/wp\/v2\/media?parent=128322"}],"wp:term":[{"taxonomy":"category","embeddable":true,"href":"https:\/\/www.ifun.de\/apiv2\/wp\/v2\/categories?post=128322"},{"taxonomy":"post_tag","embeddable":true,"href":"https:\/\/www.ifun.de\/apiv2\/wp\/v2\/tags?post=128322"}],"curies":[{"name":"wp","href":"https:\/\/api.w.org\/{rel}","templated":true}]}}