{"id":128036,"date":"2018-10-04T09:21:41","date_gmt":"2018-10-04T07:21:41","guid":{"rendered":"https:\/\/www.ifun.de\/?p=128036"},"modified":"2018-10-04T09:21:41","modified_gmt":"2018-10-04T07:21:41","slug":"tim-cook-haelt-eroeffnungsrede-auf-datenschutzkonferenz-der-eu","status":"publish","type":"post","link":"https:\/\/www.ifun.de\/tim-cook-haelt-eroeffnungsrede-auf-datenschutzkonferenz-der-eu-128036\/","title":{"rendered":"Tim Cook h\u00e4lt Er\u00f6ffnungsrede auf Datenschutzkonferenz der EU"},"content":{"rendered":"<p>Apple-Chef Tim Cook wird bei der vom Europ\u00e4ische Datenschutzbeauftragten (EDSB) veranstalteten Konferenz \u201eInternational Conference of Data Protection and Privacy Commissioners\u201c die Er\u00f6ffnungsrede halten.<\/p>\n<p>Der EDSB ist die unabh\u00e4ngige Datenschutzinstanz der Europ\u00e4ischen Union. Zu den Aufgaben der Organisation z\u00e4hlen neben der \u00dcberwachung der Einhaltung der Datenschutzrichtlinien innerhalb der EU-Einrichtung auch Beratungsfunktionen sowie die juristische Unterst\u00fctzung bei datenschutzrechtlichen Verfahren.<\/p>\n<p><a href=\"https:\/\/images.ifun.de\/wp-content\/uploads\/2017\/01\/tim-cook-500.jpg\"><img loading=\"lazy\" decoding=\"async\" src=\"https:\/\/images.ifun.de\/wp-content\/uploads\/2017\/01\/tim-cook-500.jpg\" alt=\"Tim Cook 500\" width=\"500\" height=\"324\" class=\"alignnone size-full wp-image-102435\" srcset=\"https:\/\/images.ifun.de\/wp-content\/uploads\/2017\/01\/tim-cook-500.jpg 500w, https:\/\/images.ifun.de\/wp-content\/uploads\/2017\/01\/tim-cook-500-300x194.jpg 300w\" sizes=\"auto, (max-width: 500px) 100vw, 500px\" \/><\/a><\/p>\n<p>Wie der EDSB per <a href=\"https:\/\/edps.europa.eu\/press-publications\/press-news\/press-releases\/2018\/apple-ceo-tim-cook-joins-stellar-line-2018_de\">Pressemitteilung<\/a> mitteilt, wird Tim Cook die unter dem Motto \u201eDebating Ethics: Dignity and Respect in Data Driven Life\u201c stehende Konferenz am 24. Oktober in Br\u00fcssel er\u00f6ffnen.<\/p>\n<blockquote>\n<p>Wir freuen uns, dass Tim zugestimmt hat, auf der Internationalen Konferenz f\u00fcr Datenschutz und Datenschutzbeauftragte zu sprechen. Tim hat eine starke Stimme in der Debatte um Privatsph\u00e4re, als Leiter eines Unternehmens, das zu diesem Thema eine eindeutige Position eingenommen hat, wir freuen uns auf seine Sichtweise. Er schlie\u00dft sich einer bereits hervorragenden Reihe von Hauptrednern und Diskussionsteilnehmern an, die sich dar\u00fcber austauschen wollen, wie Technologie die Menschheit weiterbringen kann.<\/p>\n<\/blockquote>\n<p>Bei der Veranstaltung werden bis zu 1000 internationale Teilnehmer aus den Bereichen Industrie, Zivilgesellschaft, Wissenschaft und Regierung erwartet.<\/p>\n","protected":false},"excerpt":{"rendered":"<a href=\"https:\/\/www.ifun.de\/tim-cook-haelt-eroeffnungsrede-auf-datenschutzkonferenz-der-eu-128036\/\"><img width=\"150\" height=\"150\" src=\"https:\/\/images.ifun.de\/wp-content\/uploads\/2018\/10\/icdppc-konferenz-eu-150x150.jpg\" class=\"alignright tfe wp-post-image\" alt=\"Icdppc Konferenz Eu\" decoding=\"async\" loading=\"lazy\" \/><\/a><p>Apple-Chef Tim Cook wird bei der vom Europ\u00e4ische Datenschutzbeauftragten (EDSB) veranstalteten Konferenz \u201eInternational Conference of Data Protection and Privacy Commissioners\u201c die Er\u00f6ffnungsrede halten. Der EDSB ist die unabh\u00e4ngige Datenschutzinstanz der Europ\u00e4ischen Union. Zu den Aufgaben der Organisation z\u00e4hlen neben der \u00dcberwachung der Einhaltung der Datenschutzrichtlinien innerhalb der EU-Einrichtung auch Beratungsfunktionen sowie die juristische Unterst\u00fctzung bei [&hellip;]<\/p>\n","protected":false},"author":2,"featured_media":128039,"comment_status":"open","ping_status":"closed","sticky":false,"template":"","format":"standard","meta":{"_acf_changed":false,"footnotes":""},"categories":[1],"tags":[],"class_list":["post-128036","post","type-post","status-publish","format-standard","has-post-thumbnail","hentry","category-news"],"acf":[],"aioseo_notices":[],"subheadline":["\"Eine starke Stimme beim Thema Datenschutz\""],"featured_image":["https:\/\/images.ifun.de\/wp-content\/uploads\/2018\/10\/icdppc-konferenz-eu.jpg"],"rest_api_enabler":{"subheadline":"\"Eine starke Stimme beim Thema Datenschutz\"","featured_image":"https:\/\/images.ifun.de\/wp-content\/uploads\/2018\/10\/icdppc-konferenz-eu.jpg"},"_links":{"self":[{"href":"https:\/\/www.ifun.de\/apiv2\/wp\/v2\/posts\/128036","targetHints":{"allow":["GET"]}}],"collection":[{"href":"https:\/\/www.ifun.de\/apiv2\/wp\/v2\/posts"}],"about":[{"href":"https:\/\/www.ifun.de\/apiv2\/wp\/v2\/types\/post"}],"author":[{"embeddable":true,"href":"https:\/\/www.ifun.de\/apiv2\/wp\/v2\/users\/2"}],"replies":[{"embeddable":true,"href":"https:\/\/www.ifun.de\/apiv2\/wp\/v2\/comments?post=128036"}],"version-history":[{"count":2,"href":"https:\/\/www.ifun.de\/apiv2\/wp\/v2\/posts\/128036\/revisions"}],"predecessor-version":[{"id":128038,"href":"https:\/\/www.ifun.de\/apiv2\/wp\/v2\/posts\/128036\/revisions\/128038"}],"wp:featuredmedia":[{"embeddable":true,"href":"https:\/\/www.ifun.de\/apiv2\/wp\/v2\/media\/128039"}],"wp:attachment":[{"href":"https:\/\/www.ifun.de\/apiv2\/wp\/v2\/media?parent=128036"}],"wp:term":[{"taxonomy":"category","embeddable":true,"href":"https:\/\/www.ifun.de\/apiv2\/wp\/v2\/categories?post=128036"},{"taxonomy":"post_tag","embeddable":true,"href":"https:\/\/www.ifun.de\/apiv2\/wp\/v2\/tags?post=128036"}],"curies":[{"name":"wp","href":"https:\/\/api.w.org\/{rel}","templated":true}]}}