{"id":127175,"date":"2018-09-12T16:44:16","date_gmt":"2018-09-12T14:44:16","guid":{"rendered":"https:\/\/www.ifun.de\/?p=127175"},"modified":"2018-09-12T16:45:28","modified_gmt":"2018-09-12T14:45:28","slug":"zeitumstellung-eu-schlaegt-abschaffung-der-sommerzeitregelung-vor","status":"publish","type":"post","link":"https:\/\/www.ifun.de\/zeitumstellung-eu-schlaegt-abschaffung-der-sommerzeitregelung-vor-127175\/","title":{"rendered":"Zeitumstellung: EU schl\u00e4gt Abschaffung der Sommerzeitregelung vor"},"content":{"rendered":"<p>Wir hatten auf die Online-Abstimmung <a href=\"https:\/\/www.ifun.de\/umfrage-zur-zeitumstellung-endet-heute-126013\/\">hingewiesen<\/a> &#8211; jetzt wollen wir euch auch das Ergebnis nicht schuldig bleiben: Die EU-Kommission hat heute die Abschaffung der jahreszeitlich bedingten Zeitumstellungen vorgeschlagen.<\/p>\n<p><a href=\"https:\/\/images.ifun.de\/wp-content\/uploads\/2018\/08\/sommerzeit-dp.jpg\"><img loading=\"lazy\" decoding=\"async\" class=\"alignnone size-full wp-image-126016\" src=\"https:\/\/images.ifun.de\/wp-content\/uploads\/2018\/08\/sommerzeit-dp.jpg\" alt=\"Sommerzeit Dp\" width=\"500\" height=\"371\" srcset=\"https:\/\/images.ifun.de\/wp-content\/uploads\/2018\/08\/sommerzeit-dp.jpg 500w, https:\/\/images.ifun.de\/wp-content\/uploads\/2018\/08\/sommerzeit-dp-300x223.jpg 300w\" sizes=\"auto, (max-width: 500px) 100vw, 500px\" \/><\/a><\/p>\n<h6>Bild: <a href=\"https:\/\/de.depositphotos.com\/\">depositphotos.com<\/a><\/h6>\n<p>Mit dem Vorschlag, den Pr\u00e4sident Jean-Claude Juncker in seiner <a href=\"https:\/\/ec.europa.eu\/commission\/priorities\/state-union-speeches\/state-union-2018_de\">Rede zur Lage der Nation<\/a> formulierte, reagiert die Europ\u00e4ische Kommission damit vor allem auf einen deutschen Wunsch. Zwar stand die Online-Abstimmung zum Thema allen Einwohnern der EU offen, von den knapp 5 Millionen Teilnehmener (abgestimmt haben 4,6 Mio.) sollen jedoch mehr als drei Millionen aus Deutschland stammen.<\/p>\n<p>Juncker kommentiert:<\/p>\n<blockquote><p>Wir alle erkl\u00e4ren \u2013 meistens in Sonntagsreden \u2013, dass wir in gro\u00dfen Fragen ehrgeiziger und in kleinen Fragen bescheidener sein sollten. Doch die Europ\u00e4er werden nicht applaudieren, wenn wir weiterhin zweimal im Jahr aufgrund europ\u00e4ischer Regulierung die Zeit umstellen m\u00fcssen. Die Kommission schl\u00e4gt heute vor, dies zu \u00e4ndern. Die Zeitumstellung geh\u00f6rt abgeschafft. Die Mitgliedstaaten \u2013 dies ist ein Gebot der Subsidiarit\u00e4t \u2013 sollen selbst entscheiden, ob ihre B\u00fcrger in Sommer- oder Winterzeit leben sollen. Ich erwarte, dass Parlament und Rat dies ebenso sehen und binnenmarktkonforme L\u00f6sungen finden Die Zeit dr\u00e4ngt.<\/p><\/blockquote>\n<p>Der Vorschlag der Kommission, der nun dem Europ\u00e4ischen Parlament und dem Rat zur Zustimmung vorgelegt wird<\/p>\n<ul>\n<li>beendet die jahreszeitlich bedingten Zeitumstellungen in der gesamten Europ\u00e4ischen Union;<\/li>\n<li>enth\u00e4lt einen klaren und knappen Zeitplan f\u00fcr das Wirksamwerden der \u00c4nderungen;<\/li>\n<li>f\u00f6rdert die Konsultation auf nationaler und europ\u00e4ischer Ebene, um ein koordiniertes Vorgehen der Mitgliedstaaten zu gew\u00e4hrleisten.<\/li>\n<\/ul>\n<p>Um einen reibungslosen \u00dcbergang zu erm\u00f6glichen, sieht der Kommissionsvorschlag vor, dass jeder Mitgliedstaat bis April 2019 mitteilt, ob er beabsichtigt, dauerhaft die Sommer- oder die Winterzeit anzuwenden. Die letzte verbindliche Umstellung auf die Sommerzeit w\u00fcrde am Sonntag, den 31. M\u00e4rz 2019 erfolgen.<\/p>\n<h2>Junckers Rede zur Lage der Nation<\/h2>\n<p><div class=\"responsive-video\"><iframe loading=\"lazy\" src=\"https:\/\/europa.eu\/!kr77bf\" id=\"videoplayer\" width=\"700\" height=\"39\" frameborder=\"0\" scrolling=\"no\" webkitAllowFullScreen=\"true\" mozallowfullscreen=\"true\" allowFullScreen=\"true\"><\/iframe><\/div><\/p>\n","protected":false},"excerpt":{"rendered":"<a href=\"https:\/\/www.ifun.de\/zeitumstellung-eu-schlaegt-abschaffung-der-sommerzeitregelung-vor-127175\/\"><img decoding=\"async\" width=\"150\" src=\"https:\/\/images.ifun.de\/wp-content\/uploads\/2018\/08\/sommerzeit-dp.jpg\" class=\"alignright wp-post-image tfe\" alt=\"Sommerzeit Dp\" title=\"\" \/><\/a><p>Wir hatten auf die Online-Abstimmung hingewiesen &#8211; jetzt wollen wir euch auch das Ergebnis nicht schuldig bleiben: Die EU-Kommission hat heute die Abschaffung der jahreszeitlich bedingten Zeitumstellungen vorgeschlagen. Bild: depositphotos.com Mit dem Vorschlag, den Pr\u00e4sident Jean-Claude Juncker in seiner Rede zur Lage der Nation formulierte, reagiert die Europ\u00e4ische Kommission damit vor allem auf einen deutschen [&hellip;]<\/p>\n","protected":false},"author":1,"featured_media":0,"comment_status":"open","ping_status":"closed","sticky":false,"template":"","format":"standard","meta":{"_acf_changed":false,"footnotes":""},"categories":[1],"tags":[246,553,4252],"class_list":["post-127175","post","type-post","status-publish","format-standard","hentry","category-news","tag-europa","tag-recht","tag-sommerzeit"],"acf":[],"aioseo_notices":[],"featured_image":["https:\/\/images.ifun.de\/wp-content\/uploads\/2018\/08\/uhr-dp.jpg"],"subheadline":["Nach Online-Umfrage"],"rest_api_enabler":{"featured_image":"https:\/\/images.ifun.de\/wp-content\/uploads\/2018\/08\/uhr-dp.jpg","subheadline":"Nach Online-Umfrage"},"_links":{"self":[{"href":"https:\/\/www.ifun.de\/apiv2\/wp\/v2\/posts\/127175","targetHints":{"allow":["GET"]}}],"collection":[{"href":"https:\/\/www.ifun.de\/apiv2\/wp\/v2\/posts"}],"about":[{"href":"https:\/\/www.ifun.de\/apiv2\/wp\/v2\/types\/post"}],"author":[{"embeddable":true,"href":"https:\/\/www.ifun.de\/apiv2\/wp\/v2\/users\/1"}],"replies":[{"embeddable":true,"href":"https:\/\/www.ifun.de\/apiv2\/wp\/v2\/comments?post=127175"}],"version-history":[{"count":2,"href":"https:\/\/www.ifun.de\/apiv2\/wp\/v2\/posts\/127175\/revisions"}],"predecessor-version":[{"id":127177,"href":"https:\/\/www.ifun.de\/apiv2\/wp\/v2\/posts\/127175\/revisions\/127177"}],"wp:attachment":[{"href":"https:\/\/www.ifun.de\/apiv2\/wp\/v2\/media?parent=127175"}],"wp:term":[{"taxonomy":"category","embeddable":true,"href":"https:\/\/www.ifun.de\/apiv2\/wp\/v2\/categories?post=127175"},{"taxonomy":"post_tag","embeddable":true,"href":"https:\/\/www.ifun.de\/apiv2\/wp\/v2\/tags?post=127175"}],"curies":[{"name":"wp","href":"https:\/\/api.w.org\/{rel}","templated":true}]}}