{"id":127074,"date":"2018-09-10T18:32:45","date_gmt":"2018-09-10T16:32:45","guid":{"rendered":"https:\/\/www.ifun.de\/?p=127074"},"modified":"2018-09-10T18:32:55","modified_gmt":"2018-09-10T16:32:55","slug":"siri-kurzbefehle-alle-funktionen-wohl-nur-auf-neueren-geraeten","status":"publish","type":"post","link":"https:\/\/www.ifun.de\/siri-kurzbefehle-alle-funktionen-wohl-nur-auf-neueren-geraeten-127074\/","title":{"rendered":"Siri Kurzbefehle: Alle Funktionen wohl nur auf neueren Ger\u00e4ten"},"content":{"rendered":"<p>Apples neue <a href=\"https:\/\/developer.apple.com\/videos\/play\/wwdc2018\/211\/\">Kurzbefehle-App<\/a> wird sich nach dem Start von iOS 12 zwar auf allen Ger\u00e4ten installieren lassen, auf denen sich auch iOS 12 noch aufspielen l\u00e4sst &#8211; funktional wird sich der Download, der beim Automatisieren von Alltagsaufgaben zur Hand gehen soll, jedoch auf \u00e4lteren und neueren Ger\u00e4ten voneinander unterscheiden. <\/p>\n<p><a href=\"https:\/\/images.ifun.de\/wp-content\/uploads\/2018\/09\/kurzbefehle.jpg\"><img decoding=\"async\" src=\"https:\/\/images.ifun.de\/wp-content\/uploads\/2018\/09\/kurzbefehle.jpg\" alt=\"Kurzbefehle\" width=\"500\" class=\"aligncenter size-full wp-image-127075\" srcset=\"https:\/\/images.ifun.de\/wp-content\/uploads\/2018\/09\/kurzbefehle.jpg 1000w, https:\/\/images.ifun.de\/wp-content\/uploads\/2018\/09\/kurzbefehle-300x225.jpg 300w, https:\/\/images.ifun.de\/wp-content\/uploads\/2018\/09\/kurzbefehle-768x576.jpg 768w\" sizes=\"(max-width: 1000px) 100vw, 1000px\" \/><\/a><\/p>\n<p>Dies geht aus <a href=\"https:\/\/i.redd.it\/qxxos32ifuk11.jpg\">einer E-Mail<\/a> hervor, die Apples Software-Chef Craig Federighi an einen nachfragenden Nutzer geschrieben haben soll. <\/p>\n<p>Wie der Anwender Federico Trevisani in dem Community-Forum Reddit <a href=\"https:\/\/www.reddit.com\/r\/iOSBeta\/comments\/9dvzf2\/discussion_official_response_from_craig_federighi\/\">darlegt<\/a>, habe er sich bei dem Apple-Manager erkundigt, warum die Siri Kurzbefehle-App, die Apple aktuell als Beta bereitstellt, auf dem iPhone 7 seiner Mutter Kurzbefehl-Vorschl\u00e4ge aussprechen w\u00fcrde, auf seinem iPhone 6 jedoch nur die manuelle Erstellung derselben zulassen w\u00fcrde. <\/p>\n<p>Federighi erkl\u00e4rte daraufhin: <\/p>\n<blockquote><p>Freut mich zu h\u00f6ren, dass Dir iOS 12 gef\u00e4llt! W\u00e4hrend wir immer versuchen, so viele neue Softwarefunktionen wie m\u00f6glich auf m\u00f6glichst viele Ger\u00e4te zu bringen, gelingt uns dies nicht immer, ohne die Gesamtleistung unserer \u00e4lteren Ger\u00e4te zu beeintr\u00e4chtigen. Leider war dies bei Siri Shortcuts auf iPhone 6 und 6 Plus der Fall. [&#8230;]<\/p><\/blockquote>\n<p>Entsprechend scheint Apple sich diesmal dazu entscheiden zu haben, neue Funktionen auch auf Altger\u00e4ten wie dem 2014 vorgestellten iPhone 6 anzubieten, diese dort allerdings nur in leicht abgespeckter Form zu offerieren. Auch das iPad mini der 2. Generation d\u00fcrfte von der Einschr\u00e4nkung betroffen sein.  <\/p>\n<p><a href=\"https:\/\/images.ifun.de\/wp-content\/uploads\/2018\/09\/kurzbefehl-ipad.jpg\"><img loading=\"lazy\" decoding=\"async\" src=\"https:\/\/images.ifun.de\/wp-content\/uploads\/2018\/09\/kurzbefehl-ipad.jpg\" alt=\"Kurzbefehl Ipad\" width=\"1400\" height=\"1178\" class=\"aligncenter size-full wp-image-127076\" srcset=\"https:\/\/images.ifun.de\/wp-content\/uploads\/2018\/09\/kurzbefehl-ipad.jpg 1400w, https:\/\/images.ifun.de\/wp-content\/uploads\/2018\/09\/kurzbefehl-ipad-300x252.jpg 300w, https:\/\/images.ifun.de\/wp-content\/uploads\/2018\/09\/kurzbefehl-ipad-768x646.jpg 768w, https:\/\/images.ifun.de\/wp-content\/uploads\/2018\/09\/kurzbefehl-ipad-1024x862.jpg 1024w\" sizes=\"auto, (max-width: 1400px) 100vw, 1400px\" \/><\/a><\/p>\n","protected":false},"excerpt":{"rendered":"<a href=\"https:\/\/www.ifun.de\/siri-kurzbefehle-alle-funktionen-wohl-nur-auf-neueren-geraeten-127074\/\"><img width=\"150\" height=\"150\" src=\"https:\/\/images.ifun.de\/wp-content\/uploads\/2018\/09\/kurzbefehl-ipad-feature-150x150.jpg\" class=\"alignright tfe wp-post-image\" alt=\"Kurzbefehl Ipad Feature\" decoding=\"async\" loading=\"lazy\" \/><\/a><p>Apples neue Kurzbefehle-App wird sich nach dem Start von iOS 12 zwar auf allen Ger\u00e4ten installieren lassen, auf denen sich auch iOS 12 noch aufspielen l\u00e4sst &#8211; funktional wird sich der Download, der beim Automatisieren von Alltagsaufgaben zur Hand gehen soll, jedoch auf \u00e4lteren und neueren Ger\u00e4ten voneinander unterscheiden. Dies geht aus einer E-Mail hervor, [&hellip;]<\/p>\n","protected":false},"author":1,"featured_media":127077,"comment_status":"open","ping_status":"closed","sticky":false,"template":"","format":"standard","meta":{"_acf_changed":false,"footnotes":""},"categories":[9],"tags":[4739,4169,4740,1205],"class_list":["post-127074","post","type-post","status-publish","format-standard","has-post-thumbnail","hentry","category-ios","tag-ios","tag-ios-12","tag-ipad","tag-kurzbefehle"],"acf":[],"aioseo_notices":[],"subheadline":["Apples Software-Chef reagiert"],"featured_image":["https:\/\/images.ifun.de\/wp-content\/uploads\/2018\/09\/kurzbefehl-ipad-feature.jpg"],"rest_api_enabler":{"subheadline":"Apples Software-Chef reagiert","featured_image":"https:\/\/images.ifun.de\/wp-content\/uploads\/2018\/09\/kurzbefehl-ipad-feature.jpg"},"_links":{"self":[{"href":"https:\/\/www.ifun.de\/apiv2\/wp\/v2\/posts\/127074","targetHints":{"allow":["GET"]}}],"collection":[{"href":"https:\/\/www.ifun.de\/apiv2\/wp\/v2\/posts"}],"about":[{"href":"https:\/\/www.ifun.de\/apiv2\/wp\/v2\/types\/post"}],"author":[{"embeddable":true,"href":"https:\/\/www.ifun.de\/apiv2\/wp\/v2\/users\/1"}],"replies":[{"embeddable":true,"href":"https:\/\/www.ifun.de\/apiv2\/wp\/v2\/comments?post=127074"}],"version-history":[{"count":2,"href":"https:\/\/www.ifun.de\/apiv2\/wp\/v2\/posts\/127074\/revisions"}],"predecessor-version":[{"id":127079,"href":"https:\/\/www.ifun.de\/apiv2\/wp\/v2\/posts\/127074\/revisions\/127079"}],"wp:featuredmedia":[{"embeddable":true,"href":"https:\/\/www.ifun.de\/apiv2\/wp\/v2\/media\/127077"}],"wp:attachment":[{"href":"https:\/\/www.ifun.de\/apiv2\/wp\/v2\/media?parent=127074"}],"wp:term":[{"taxonomy":"category","embeddable":true,"href":"https:\/\/www.ifun.de\/apiv2\/wp\/v2\/categories?post=127074"},{"taxonomy":"post_tag","embeddable":true,"href":"https:\/\/www.ifun.de\/apiv2\/wp\/v2\/tags?post=127074"}],"curies":[{"name":"wp","href":"https:\/\/api.w.org\/{rel}","templated":true}]}}