{"id":126698,"date":"2018-08-31T09:48:30","date_gmt":"2018-08-31T07:48:30","guid":{"rendered":"https:\/\/www.ifun.de\/?p=126698"},"modified":"2018-09-03T10:17:19","modified_gmt":"2018-09-03T08:17:19","slug":"hallo-magenta-der-smart-speaker-der-telekom-startet","status":"publish","type":"post","link":"https:\/\/www.ifun.de\/hallo-magenta-der-smart-speaker-der-telekom-startet-126698\/","title":{"rendered":"Hallo Magenta: Der Smart Speaker der Telekom startet"},"content":{"rendered":"<p>Die Telekom bringt nun den im vergangenen Jahr <a href=\"https:\/\/www.ifun.de\/hallo-magenta-telekom-kuendigt-eigenen-smart-speaker-an-115082\/\">angek\u00fcndigten<\/a> Smart Speaker <a href=\"https:\/\/www.telekom.de\/zuhause\/geraete-und-zubehoer\/smart-speaker\" title=\"Hallo Magenta: Telekom bringt eigenen Smart-Speaker\">Hallo Magenta<\/a> auf den Markt. Das Ger\u00e4t wird zun\u00e4chst auf 1000 St\u00fcck begrenzt im Rahmen eines offenen Beta-Tests f\u00fcr interessierte Kunden angeboten.<\/p>\n<p><a href=\"https:\/\/images.ifun.de\/wp-content\/uploads\/2018\/08\/hallo-magenta-telekom.jpg\"><img loading=\"lazy\" decoding=\"async\" src=\"https:\/\/images.ifun.de\/wp-content\/uploads\/2018\/08\/hallo-magenta-telekom.jpg\" alt=\"Hallo Magenta Telekom\" width=\"500\" height=\"667\" class=\"alignnone size-full wp-image-126701\" srcset=\"https:\/\/images.ifun.de\/wp-content\/uploads\/2018\/08\/hallo-magenta-telekom.jpg 500w, https:\/\/images.ifun.de\/wp-content\/uploads\/2018\/08\/hallo-magenta-telekom-225x300.jpg 225w\" sizes=\"auto, (max-width: 500px) 100vw, 500px\" \/><\/a><\/p>\n<p>Mit dem Lautsprecher will die Telekom eine Alternative zu Echo &amp; Co. platzieren, und dabei einen Fokus auf Datenschutz und deutsche Angebote legen. So nennt das Unternehmen vom Start Weg Wetter Online, die Tagesschau und REWE als Rezepte-Portal als Partner.<\/p>\n<p><a href=\"https:\/\/images.ifun.de\/wp-content\/uploads\/2018\/08\/hallo-magenta-smart-speaker-schwarz.jpg\"><img loading=\"lazy\" decoding=\"async\" src=\"https:\/\/images.ifun.de\/wp-content\/uploads\/2018\/08\/hallo-magenta-smart-speaker-schwarz.jpg\" alt=\"Hallo Magenta Smart Speaker Schwarz\" width=\"700\" height=\"394\" class=\"alignnone size-full wp-image-126700\" srcset=\"https:\/\/images.ifun.de\/wp-content\/uploads\/2018\/08\/hallo-magenta-smart-speaker-schwarz.jpg 700w, https:\/\/images.ifun.de\/wp-content\/uploads\/2018\/08\/hallo-magenta-smart-speaker-schwarz-300x169.jpg 300w\" sizes=\"auto, (max-width: 700px) 100vw, 700px\" \/><\/a><\/p>\n<p>Der neue Smart Speaker der Telekom fungiert auch als Telefon-Assistent. Per Sprachbefehl lassen sich Anrufe einleiten oder annehmen, die Gespr\u00e4che k\u00f6nnen dann direkt \u00fcber die integrierte Freisprechfunktion gef\u00fchrt werden. Ebenso ist die Steuerung der Telekom-Angebote Entertain TV und Magenta Smarthome damit m\u00f6glich.<\/p>\n<p>Der Leistungsumfang des Lautsprechers wird zudem durch eine Integration von Amazon Alexa erweitert. Die Amazon-Sprachassistentin l\u00e4sst sich optional dar\u00fcber verwenden.<\/p>\n<p><div class=\"responsive-video\"><iframe loading=\"lazy\" width=\"700\" height=\"394\" src=\"https:\/\/www.youtube-nocookie.com\/embed\/s2SBDKk9J30?ecver=1\" frameborder=\"0\" allow=\"autoplay; encrypted-media\" allowfullscreen><\/iframe><\/div><\/p>\n<p><div class=\"responsive-video\"><iframe loading=\"lazy\" width=\"700\" height=\"315\" src=\"https:\/\/www.youtube-nocookie.com\/embed\/v_aZh_GYub4\" frameborder=\"0\" allow=\"autoplay; encrypted-media\" allowfullscreen><\/iframe><\/div><\/p>\n","protected":false},"excerpt":{"rendered":"<a href=\"https:\/\/www.ifun.de\/hallo-magenta-der-smart-speaker-der-telekom-startet-126698\/\"><img width=\"150\" height=\"150\" src=\"https:\/\/images.ifun.de\/wp-content\/uploads\/2018\/08\/hallo-magenta-telekom-150x150.jpg\" class=\"alignright tfe wp-post-image\" alt=\"Hallo Magenta Telekom\" decoding=\"async\" loading=\"lazy\" \/><\/a><p>Die Telekom bringt nun den im vergangenen Jahr angek\u00fcndigten Smart Speaker Hallo Magenta auf den Markt. Das Ger\u00e4t wird zun\u00e4chst auf 1000 St\u00fcck begrenzt im Rahmen eines offenen Beta-Tests f\u00fcr interessierte Kunden angeboten. Mit dem Lautsprecher will die Telekom eine Alternative zu Echo &amp; Co. platzieren, und dabei einen Fokus auf Datenschutz und deutsche Angebote [&hellip;]<\/p>\n","protected":false},"author":2,"featured_media":126701,"comment_status":"open","ping_status":"closed","sticky":false,"template":"","format":"standard","meta":{"_acf_changed":false,"footnotes":""},"categories":[1,1783],"tags":[3912,282],"class_list":["post-126698","post","type-post","status-publish","format-standard","has-post-thumbnail","hentry","category-news","category-feature","tag-hallo-magenta","tag-telekom"],"acf":[],"aioseo_notices":[],"subheadline":["Deutsche Alternative zu Alexa & Co."],"featured_image":["https:\/\/images.ifun.de\/wp-content\/uploads\/2018\/08\/hallo-magenta-telekom-smart-speaker.jpg"],"rest_api_enabler":{"subheadline":"Deutsche Alternative zu Alexa & Co.","featured_image":"https:\/\/images.ifun.de\/wp-content\/uploads\/2018\/08\/hallo-magenta-telekom-smart-speaker.jpg"},"_links":{"self":[{"href":"https:\/\/www.ifun.de\/apiv2\/wp\/v2\/posts\/126698","targetHints":{"allow":["GET"]}}],"collection":[{"href":"https:\/\/www.ifun.de\/apiv2\/wp\/v2\/posts"}],"about":[{"href":"https:\/\/www.ifun.de\/apiv2\/wp\/v2\/types\/post"}],"author":[{"embeddable":true,"href":"https:\/\/www.ifun.de\/apiv2\/wp\/v2\/users\/2"}],"replies":[{"embeddable":true,"href":"https:\/\/www.ifun.de\/apiv2\/wp\/v2\/comments?post=126698"}],"version-history":[{"count":3,"href":"https:\/\/www.ifun.de\/apiv2\/wp\/v2\/posts\/126698\/revisions"}],"predecessor-version":[{"id":126704,"href":"https:\/\/www.ifun.de\/apiv2\/wp\/v2\/posts\/126698\/revisions\/126704"}],"wp:featuredmedia":[{"embeddable":true,"href":"https:\/\/www.ifun.de\/apiv2\/wp\/v2\/media\/126701"}],"wp:attachment":[{"href":"https:\/\/www.ifun.de\/apiv2\/wp\/v2\/media?parent=126698"}],"wp:term":[{"taxonomy":"category","embeddable":true,"href":"https:\/\/www.ifun.de\/apiv2\/wp\/v2\/categories?post=126698"},{"taxonomy":"post_tag","embeddable":true,"href":"https:\/\/www.ifun.de\/apiv2\/wp\/v2\/tags?post=126698"}],"curies":[{"name":"wp","href":"https:\/\/api.w.org\/{rel}","templated":true}]}}