{"id":126437,"date":"2018-08-27T09:16:30","date_gmt":"2018-08-27T07:16:30","guid":{"rendered":"https:\/\/www.ifun.de\/?p=126437"},"modified":"2018-08-27T09:18:59","modified_gmt":"2018-08-27T07:18:59","slug":"imac-pro-jetzt-auch-generalueberholt-im-apple-refurb-store-erhaeltlich","status":"publish","type":"post","link":"https:\/\/www.ifun.de\/imac-pro-jetzt-auch-generalueberholt-im-apple-refurb-store-erhaeltlich-126437\/","title":{"rendered":"iMac Pro jetzt auch general\u00fcberholt bei Apple erh\u00e4ltlich"},"content":{"rendered":"<p>Apple bietet den <a href=\"https:\/\/www.apple.com\/de\/shop\/browse\/home\/specialdeals\/mac\/imac_pro?afid=p231%7Ccamref%3AihXz&amp;cid=AOS-DE-Aff-PHG\">iMac Pro in Deutschland erstmals general\u00fcberholt<\/a> an. Das All-in-One-Flaggschiff f\u00fcr den Desktop l\u00e4sst sich im <a href=\"http:\/\/ifun.de\/applestore\/http:\/\/store.apple.com\/de\/go\/specialdeals\">Apple Refurb Store<\/a> aktuell zu Preisen ab 4.669 Euro erwerben, im Apple Store wird der im vergangenen Jahr vorgestellte Rechner zu Preisen ab 5.499 Euro angeboten.<\/p>\n<p>Aktuell bietet Apple den iMac Pro \u201egeneral\u00fcberholt\u201c in f\u00fcnf verschiedenen Ausstattungen an. Dabei lassen sich je nach Variante bis zu 1620 Euro sparen, letzteres setzt allerdings eine Konfiguration mit 10-Core-Prozessor, 64 GB RAM und 2 TB SSD voraus, die im Refurb Store dann f\u00fcr 7.479 Euro statt 9.099 Euro Neupreis erh\u00e4ltlich ist.<\/p>\n<p><a href=\"https:\/\/images.ifun.de\/wp-content\/uploads\/2018\/08\/imac-pro-apple-refurb-store.gif\"><img loading=\"lazy\" decoding=\"async\" src=\"https:\/\/images.ifun.de\/wp-content\/uploads\/2018\/08\/imac-pro-apple-refurb-store.gif\" alt=\"Imac Pro Apple Refurb Store\" width=\"700\" height=\"377\" class=\"alignnone size-full wp-image-126439\" \/><\/a><\/p>\n<p>Apple bietet im hauseigenen Refurb Store ausgew\u00e4hlte Ger\u00e4te als general\u00fcberholt und mit voller Garantie an. In der Regel lassen sich diese von einem Neuger\u00e4t nicht unterscheiden, teils handelt es sich hier um Handelsr\u00fcckl\u00e4ufer und Ausstellungsmodelle.<\/p>\n<blockquote>\n<p>Bevor wir ein Apple zertifiziertes und general\u00fcberholtes Produkt zum Verkauf anbieten, wird es einer strengen General\u00fcberholung unterzogen. Auf diese Weise stellen wir sicher, dass es den hohen Qualit\u00e4tsstandards von Apple entspricht. Alle Ger\u00e4te werden mit unserer \u00fcblichen einj\u00e4hrigen Herstellergarantie geliefert. Au\u00dferdem hast du die M\u00f6glichkeit, die Abdeckung durch den Kauf von AppleCare Produkten zu erweitern.<\/p>\n<\/blockquote>\n","protected":false},"excerpt":{"rendered":"<a href=\"https:\/\/www.ifun.de\/imac-pro-jetzt-auch-generalueberholt-im-apple-refurb-store-erhaeltlich-126437\/\"><img width=\"150\" height=\"150\" src=\"https:\/\/images.ifun.de\/wp-content\/uploads\/2018\/08\/imac-pro-apple-refurb-store-150x150.gif\" class=\"alignright tfe wp-post-image\" alt=\"Imac Pro Apple Refurb Store\" decoding=\"async\" loading=\"lazy\" \/><\/a><p>Apple bietet den iMac Pro in Deutschland erstmals general\u00fcberholt an. Das All-in-One-Flaggschiff f\u00fcr den Desktop l\u00e4sst sich im Apple Refurb Store aktuell zu Preisen ab 4.669 Euro erwerben, im Apple Store wird der im vergangenen Jahr vorgestellte Rechner zu Preisen ab 5.499 Euro angeboten. Aktuell bietet Apple den iMac Pro \u201egeneral\u00fcberholt\u201c in f\u00fcnf verschiedenen Ausstattungen [&hellip;]<\/p>\n","protected":false},"author":2,"featured_media":126439,"comment_status":"open","ping_status":"closed","sticky":false,"template":"","format":"standard","meta":{"_acf_changed":false,"footnotes":""},"categories":[16],"tags":[4736,3718,699],"class_list":["post-126437","post","type-post","status-publish","format-standard","has-post-thumbnail","hentry","category-mac","tag-apple","tag-imac-pro","tag-refurb-store"],"acf":[],"aioseo_notices":[],"subheadline":["Mit deutlichem Preisnachlass"],"featured_image":["https:\/\/images.ifun.de\/wp-content\/uploads\/2017\/11\/imac-pro-header.jpg"],"rest_api_enabler":{"subheadline":"Mit deutlichem Preisnachlass","featured_image":"https:\/\/images.ifun.de\/wp-content\/uploads\/2017\/11\/imac-pro-header.jpg"},"_links":{"self":[{"href":"https:\/\/www.ifun.de\/apiv2\/wp\/v2\/posts\/126437","targetHints":{"allow":["GET"]}}],"collection":[{"href":"https:\/\/www.ifun.de\/apiv2\/wp\/v2\/posts"}],"about":[{"href":"https:\/\/www.ifun.de\/apiv2\/wp\/v2\/types\/post"}],"author":[{"embeddable":true,"href":"https:\/\/www.ifun.de\/apiv2\/wp\/v2\/users\/2"}],"replies":[{"embeddable":true,"href":"https:\/\/www.ifun.de\/apiv2\/wp\/v2\/comments?post=126437"}],"version-history":[{"count":3,"href":"https:\/\/www.ifun.de\/apiv2\/wp\/v2\/posts\/126437\/revisions"}],"predecessor-version":[{"id":126441,"href":"https:\/\/www.ifun.de\/apiv2\/wp\/v2\/posts\/126437\/revisions\/126441"}],"wp:featuredmedia":[{"embeddable":true,"href":"https:\/\/www.ifun.de\/apiv2\/wp\/v2\/media\/126439"}],"wp:attachment":[{"href":"https:\/\/www.ifun.de\/apiv2\/wp\/v2\/media?parent=126437"}],"wp:term":[{"taxonomy":"category","embeddable":true,"href":"https:\/\/www.ifun.de\/apiv2\/wp\/v2\/categories?post=126437"},{"taxonomy":"post_tag","embeddable":true,"href":"https:\/\/www.ifun.de\/apiv2\/wp\/v2\/tags?post=126437"}],"curies":[{"name":"wp","href":"https:\/\/api.w.org\/{rel}","templated":true}]}}