{"id":126042,"date":"2018-08-17T11:27:49","date_gmt":"2018-08-17T09:27:49","guid":{"rendered":"https:\/\/www.ifun.de\/?p=126042"},"modified":"2018-08-21T08:26:57","modified_gmt":"2018-08-21T06:26:57","slug":"neues-13-macbook-soll-im-september-kommen","status":"publish","type":"post","link":"https:\/\/www.ifun.de\/neues-13-macbook-soll-im-september-kommen-126042\/","title":{"rendered":"Neues 13&#8243;-MacBook soll im September kommen"},"content":{"rendered":"<p>Der Brancheninformationsdienst <a href=\"https:\/\/www.digitimes.com\/news\/a20180817PD204.html\">DigiTimes<\/a> hat in Industriekreisen Informationen rund um die kommenden Apple-Neuvorstellungen Abseits der <a href=\"https:\/\/www.iphone-ticker.de\/iphone-2018-unterstuetzt-das-grosse-modell-den-apple-pencil-129893\/\">iPhone-Modelle 2018<\/a> zusammengetragen. Demnach d\u00fcrfen wir im September auch mit einem neuen 13&#8243; MacBook, neuen iPads und einer erneuten Ank\u00fcndigung zur drahtlosen Ladematte AirPower rechnen.<\/p>\n<p>So soll Apple bereits auf dem f\u00fcr Mitte September erwarteten iPhone-Event auch ein neues \u201eEinsteiger-MacBook\u201c mit 13 Zoll Bildschirmgr\u00f6\u00dfe vorstellen, das mit aktuellen <a href=\"https:\/\/ark.intel.com\/de\/products\/codename\/82879\/Kaby-Lake\">Kaby-Lake-Prozessoren<\/a> von Intel arbeitet und im Preisbereich von 1200 Dollar liegt.<\/p>\n<p><a href=\"https:\/\/images.ifun.de\/wp-content\/uploads\/2016\/04\/macbook-air-700.jpg\"><img loading=\"lazy\" decoding=\"async\" class=\"alignnone size-full wp-image-91350\" src=\"https:\/\/images.ifun.de\/wp-content\/uploads\/2016\/04\/macbook-air-700.jpg\" alt=\"\" width=\"700\" height=\"352\" srcset=\"https:\/\/images.ifun.de\/wp-content\/uploads\/2016\/04\/macbook-air-700.jpg 700w, https:\/\/images.ifun.de\/wp-content\/uploads\/2016\/04\/macbook-air-700-300x151.jpg 300w\" sizes=\"auto, (max-width: 700px) 100vw, 700px\" \/><\/a><\/p>\n<h6>Bild: Aktuelles MacBook Air<\/h6>\n<p>Aktuell kostet das MacBook 12&#8243; bei Apple USA in der kleinsten Version 1299 Dollar, in Deutschland liegt der Einstiegspreis bei 1499 Euro. Der Artikel geht nicht darauf ein, ob Apple auch Ersatz f\u00fcr das hierzulande ab 1099 Euro erh\u00e4ltliche MacBook Air als derzeit g\u00fcnstigstes Notebook plant.<\/p>\n<p>Mit Blick auf die Prognosen um iPhone und iPad gibt es nichts Neues zu h\u00f6ren. Apple wird in diesem Jahr wohl wie schon \u00f6fter geh\u00f6rt nicht nur drei neue iPhone-Modelle vorstellen, sondern auch das iPad Pro mit 12,9 und 10,5 Zoll Bildschirmgr\u00f6\u00dfe \u00fcberarbeiten und erstmals <a title=\"iOS 12 liefert neue Hinweise auf gr\u00f6\u00dferes iPhone und neues iPad Pro mit 11\u2033\" href=\"https:\/\/www.iphone-ticker.de\/ios-12-liefert-neue-hinweise-auf-groesseres-iphone-und-neues-ipad-pro-mit-11-129460\/\">mit Gesichtserkennung und ohne Home-Taste<\/a> anbieten.<\/p>\n<p>Auch die bereits im September vergangenen Jahres angek\u00fcndigte und offenbar mit <a title=\"AirPower: Apple k\u00e4mpft offensichtlich mit Produktionsproblemen\" href=\"https:\/\/www.iphone-ticker.de\/airpower-apple-kaempft-offensichtlich-mit-produktionsproblemen-127574\/\">Produktionsproblemen<\/a> behaftete Qi-Ladematte AirPower soll bei Apples iPhone-Event in diesem Jahr wieder Thema sein. Angeblich k\u00fcndigt Apple dann neben dem Preis auch ein konkretes Datum f\u00fcr den Verkaufsstart an. Den Quellen des Magazins zufolge liegt der Verkaufspreis zwischen 161 und 193 Dollar, bislang waren umgerechnet ja 169 Euro <a title=\"Apple-Ladestation AirPower kostet wahrscheinlich 169 Euro\" href=\"https:\/\/www.iphone-ticker.de\/apple-ladestation-airpower-kostet-wahrscheinlich-169-euro-128001\/\">im Gespr\u00e4ch<\/a>, sollten die aktuellen Angaben zutreffen, k\u00f6nnten daraus auch schnell 189 oder 199 Euro werden.<\/p>\n","protected":false},"excerpt":{"rendered":"<a href=\"https:\/\/www.ifun.de\/neues-13-macbook-soll-im-september-kommen-126042\/\"><img decoding=\"async\" width=\"150\" src=\"https:\/\/images.ifun.de\/wp-content\/uploads\/2016\/04\/macbook-air-700.jpg\" class=\"alignright wp-post-image tfe\" alt=\"\" title=\"\" \/><\/a><p>Der Brancheninformationsdienst DigiTimes hat in Industriekreisen Informationen rund um die kommenden Apple-Neuvorstellungen Abseits der iPhone-Modelle 2018 zusammengetragen. Demnach d\u00fcrfen wir im September auch mit einem neuen 13&#8243; MacBook, neuen iPads und einer erneuten Ank\u00fcndigung zur drahtlosen Ladematte AirPower rechnen. So soll Apple bereits auf dem f\u00fcr Mitte September erwarteten iPhone-Event auch ein neues \u201eEinsteiger-MacBook\u201c mit [&hellip;]<\/p>\n","protected":false},"author":2,"featured_media":0,"comment_status":"open","ping_status":"closed","sticky":false,"template":"","format":"standard","meta":{"_acf_changed":false,"footnotes":""},"categories":[3],"tags":[4154,144],"class_list":["post-126042","post","type-post","status-publish","format-standard","hentry","category-apple","tag-4154","tag-macbook"],"acf":[],"aioseo_notices":[],"subheadline":["Gemeinsam mit neuen iPhones und iPads"],"featured_image":["https:\/\/images.ifun.de\/wp-content\/uploads\/2017\/09\/tim-cook-keynote.jpg"],"rest_api_enabler":{"subheadline":"Gemeinsam mit neuen iPhones und iPads","featured_image":"https:\/\/images.ifun.de\/wp-content\/uploads\/2017\/09\/tim-cook-keynote.jpg"},"_links":{"self":[{"href":"https:\/\/www.ifun.de\/apiv2\/wp\/v2\/posts\/126042","targetHints":{"allow":["GET"]}}],"collection":[{"href":"https:\/\/www.ifun.de\/apiv2\/wp\/v2\/posts"}],"about":[{"href":"https:\/\/www.ifun.de\/apiv2\/wp\/v2\/types\/post"}],"author":[{"embeddable":true,"href":"https:\/\/www.ifun.de\/apiv2\/wp\/v2\/users\/2"}],"replies":[{"embeddable":true,"href":"https:\/\/www.ifun.de\/apiv2\/wp\/v2\/comments?post=126042"}],"version-history":[{"count":7,"href":"https:\/\/www.ifun.de\/apiv2\/wp\/v2\/posts\/126042\/revisions"}],"predecessor-version":[{"id":126083,"href":"https:\/\/www.ifun.de\/apiv2\/wp\/v2\/posts\/126042\/revisions\/126083"}],"wp:attachment":[{"href":"https:\/\/www.ifun.de\/apiv2\/wp\/v2\/media?parent=126042"}],"wp:term":[{"taxonomy":"category","embeddable":true,"href":"https:\/\/www.ifun.de\/apiv2\/wp\/v2\/categories?post=126042"},{"taxonomy":"post_tag","embeddable":true,"href":"https:\/\/www.ifun.de\/apiv2\/wp\/v2\/tags?post=126042"}],"curies":[{"name":"wp","href":"https:\/\/api.w.org\/{rel}","templated":true}]}}