{"id":125910,"date":"2018-08-15T09:23:06","date_gmt":"2018-08-15T07:23:06","guid":{"rendered":"https:\/\/www.ifun.de\/?p=125910"},"modified":"2018-08-15T10:32:23","modified_gmt":"2018-08-15T08:32:23","slug":"homepod-kann-jetzt-auch-in-deutschland-auf-den-kalender-zugreifen","status":"publish","type":"post","link":"https:\/\/www.ifun.de\/homepod-kann-jetzt-auch-in-deutschland-auf-den-kalender-zugreifen-125910\/","title":{"rendered":"HomePod kann jetzt auch in Deutschland auf den Kalender zugreifen"},"content":{"rendered":"<p>Der <a href=\"https:\/\/www.apple.com\/de\/homepod\/\" title=\"HomePod\">HomePod<\/a> unterst\u00fctzt nun auch in Deutschland Kalenderfunktionen wie den Abruf oder das Erstellen von Terminen. Apple h\u00e4lt damit Wort, beim Verkaufsstart des HomePod hierzulande hatte der Hersteller versprochen, die Option noch vor Jahresende bereitzustellen.<\/p>\n<p>Die neue Kalenderfunktion steigert den praktischen Wert des HomePod im Alltagseinsatz enorm. Ihr k\u00f6nnt nicht nur bestehende Termine abfragen, sondern auch neue hinzuf\u00fcgen oder Detailinformationen wie etwa Ortsangaben abrufen. Siri pr\u00fcft beim Erstellen neuer Eintr\u00e4ge auch, ob dadurch Terminkonflikte entstehen und weist euch wenn n\u00f6tig darauf hin.<\/p>\n<h2>HomePod: Siri-Sprachbefehle zur Kalendernutzung<\/h2>\n<p>Als Hilfestellung mit Blick auf die verf\u00fcgbaren Sprachkommandos gibt uns Apple die folgenden Beispiels\u00e4tze an die Hand:<\/p>\n<ul>\n<li>\u201eHey Siri, was steht heute an?\u201c<\/li>\n<li>\u201eHey Siri, habe ich um 15:00 Uhr irgendwelche Besprechungen?\u201c<\/li>\n<li>\u201eHey Siri, erstelle das Ereignis &#39;Abendessen mit Klaus&#39; f\u00fcr morgen um 19:00 Uhr.\u201c<\/li>\n<li>\u201eHey Siri, wo findet um 13:00 Uhr meine Besprechung statt?\u201c<\/li>\n<\/ul>\n<p><h8>Danke Jens<\/h8><\/p>\n","protected":false},"excerpt":{"rendered":"<p>Der HomePod unterst\u00fctzt nun auch in Deutschland Kalenderfunktionen wie den Abruf oder das Erstellen von Terminen. Apple h\u00e4lt damit Wort, beim Verkaufsstart des HomePod hierzulande hatte der Hersteller versprochen, die Option noch vor Jahresende bereitzustellen. Die neue Kalenderfunktion steigert den praktischen Wert des HomePod im Alltagseinsatz enorm. Ihr k\u00f6nnt nicht nur bestehende Termine abfragen, sondern [&hellip;]<\/p>\n","protected":false},"author":2,"featured_media":0,"comment_status":"open","ping_status":"closed","sticky":false,"template":"","format":"standard","meta":{"_acf_changed":false,"footnotes":""},"categories":[1,1783],"tags":[3714,151],"class_list":["post-125910","post","type-post","status-publish","format-standard","hentry","category-news","category-feature","tag-homepod","tag-kalender"],"acf":[],"aioseo_notices":[],"subheadline":["Termine abfragen und erstellen"],"featured_image":["https:\/\/images.ifun.de\/wp-content\/uploads\/2018\/06\/homepod-header-1.jpg"],"rest_api_enabler":{"subheadline":"Termine abfragen und erstellen","featured_image":"https:\/\/images.ifun.de\/wp-content\/uploads\/2018\/06\/homepod-header-1.jpg"},"_links":{"self":[{"href":"https:\/\/www.ifun.de\/apiv2\/wp\/v2\/posts\/125910","targetHints":{"allow":["GET"]}}],"collection":[{"href":"https:\/\/www.ifun.de\/apiv2\/wp\/v2\/posts"}],"about":[{"href":"https:\/\/www.ifun.de\/apiv2\/wp\/v2\/types\/post"}],"author":[{"embeddable":true,"href":"https:\/\/www.ifun.de\/apiv2\/wp\/v2\/users\/2"}],"replies":[{"embeddable":true,"href":"https:\/\/www.ifun.de\/apiv2\/wp\/v2\/comments?post=125910"}],"version-history":[{"count":3,"href":"https:\/\/www.ifun.de\/apiv2\/wp\/v2\/posts\/125910\/revisions"}],"predecessor-version":[{"id":125913,"href":"https:\/\/www.ifun.de\/apiv2\/wp\/v2\/posts\/125910\/revisions\/125913"}],"wp:attachment":[{"href":"https:\/\/www.ifun.de\/apiv2\/wp\/v2\/media?parent=125910"}],"wp:term":[{"taxonomy":"category","embeddable":true,"href":"https:\/\/www.ifun.de\/apiv2\/wp\/v2\/categories?post=125910"},{"taxonomy":"post_tag","embeddable":true,"href":"https:\/\/www.ifun.de\/apiv2\/wp\/v2\/tags?post=125910"}],"curies":[{"name":"wp","href":"https:\/\/api.w.org\/{rel}","templated":true}]}}