{"id":125711,"date":"2018-08-09T17:09:16","date_gmt":"2018-08-09T15:09:16","guid":{"rendered":"https:\/\/www.ifun.de\/?p=125711"},"modified":"2018-08-09T17:38:47","modified_gmt":"2018-08-09T15:38:47","slug":"vor-bald-333-tagen-die-airpower-praesentation-im-video","status":"publish","type":"post","link":"https:\/\/www.ifun.de\/vor-bald-333-tagen-die-airpower-praesentation-im-video-125711\/","title":{"rendered":"Vor bald 333 Tagen: Die AirPower-Pr\u00e4sentation im Video"},"content":{"rendered":"<p>\u00dcbermorgen ist es so weit. Am Samstag liegt Apples vergangenes Herbst-Event und damit auch die Vorstellung der intelligenten Drahtlos-Ladematte &#8222;AirPower&#8220; genau 333 Tage hinter uns.<\/p>\n<p><a href=\"https:\/\/images.ifun.de\/wp-content\/uploads\/2018\/08\/apple-airpower.jpg\"><img loading=\"lazy\" decoding=\"async\" class=\"aligncenter size-full wp-image-125713\" src=\"https:\/\/images.ifun.de\/wp-content\/uploads\/2018\/08\/apple-airpower.jpg\" alt=\"Apple Airpower\" width=\"500\" height=\"279\" srcset=\"https:\/\/images.ifun.de\/wp-content\/uploads\/2018\/08\/apple-airpower.jpg 500w, https:\/\/images.ifun.de\/wp-content\/uploads\/2018\/08\/apple-airpower-300x167.jpg 300w\" sizes=\"auto, (max-width: 500px) 100vw, 500px\" \/><\/a><\/p>\n<p>Auf der B\u00fchne <a href=\"https:\/\/www.apple.com\/apple-events\/september-2017\/\">des September-Events<\/a> vom Marketing-Chef Phil Schiller pr\u00e4sentiert, wurde die Ladematte mit einem Starttermin &#8222;im kommenden Jahr&#8220; vorgestellt. Zwar w\u00fcrde das Accessoire damit auch am 28. Dezember 2018 noch im Zeitplan liegen, mittlerweile darf jedoch davon ausgegangen werden, dass Apple mit nicht unerheblichen Problemen bei der Fertigung zu k\u00e4mpfen hat. Die Berichte diesbez\u00fcglich, haben in den vergangenen Wochen und Monaten jedenfalls deutlich zugenommen.<\/p>\n<p>Zu Pr\u00e4sentation von AirPower versprach Apple die Innovationsleistung der eigenen Ingenieure zur\u00fcck in den QI-Standard einflie\u00dfen zu lassen und stellte die Matte dem anwesenden Publikum mit folgenden drei S\u00e4tzen vor:<\/p>\n<blockquote><p>Das System hat eine gro\u00dfartige Oberfl\u00e4che, die einzelnen Komponenten arbeiten intelligent zusammen und kommunizieren miteinander, um den Ladevorgang durch ein effizienteres Ladesystem zu \u00fcberwachen. Dies ist in aktuellen Standards nicht m\u00f6glich &#8211; doch unser Team wei\u00df, wie es geht. Wir nennen es AirPower.<\/p><\/blockquote>\n<p>Apple bleiben jetzt noch 143 Tage bis zu Jahresende &#8211; mehr als genug Zeit, um noch ein funktionierendes Produkt abzuliefern. Wir erinnern nur an AirPlay 2: Angek\u00fcndigt wurde das Streaming-Protokoll im Rahmen der WWDC 2017 und sollte eigentlich mit iOS 11 starten. Ausgeliefert wurde das Feature dann jedoch erst mit iOS 11.4, wenige Tage vor der WWDC 2018.<\/p>\n<p><div class=\"responsive-video\"><iframe loading=\"lazy\" src=\"https:\/\/www.youtube-nocookie.com\/embed\/4yVXOdJo7TQ\" width=\"700\" height=\"371\" frameborder=\"0\" allowfullscreen=\"allowfullscreen\"><\/iframe><\/div><\/p>\n<h2>Zum Nachlesen:<\/h2>\n<ul>\n<li><a title=\"AirPower: Vor mehr als 200 Tagen angek\u00fcndigt und nichts in Sicht\" href=\"https:\/\/www.iphone-ticker.de\/airpower-vor-ueber-200-tagen-angekuendigt-und-nichts-in-sicht-124943\/\">AirPower: Vor mehr als 200 Tagen angek\u00fcndigt und nichts in Sicht<\/a><\/li>\n<li><a title=\"Verkaufsstart verschoben: Apples AirPower-Matte wartet auf die AirPods 2\" href=\"https:\/\/www.iphone-ticker.de\/verkaufsstart-verschoben-apples-airpower-matte-wartet-auf-die-airpods-2-125384\/\">Verkaufsstart verschoben: Apples AirPower-Matte wartet auf die AirPods 2<\/a><\/li>\n<li><a title=\"AirPower: Apple k\u00e4mpft offensichtlich mit Produktionsproblemen\" href=\"https:\/\/www.iphone-ticker.de\/airpower-apple-kaempft-offensichtlich-mit-produktionsproblemen-127574\/\">AirPower: Apple k\u00e4mpft offensichtlich mit Produktionsproblemen<\/a><\/li>\n<\/ul>\n","protected":false},"excerpt":{"rendered":"<a href=\"https:\/\/www.ifun.de\/vor-bald-333-tagen-die-airpower-praesentation-im-video-125711\/\"><img width=\"150\" height=\"150\" src=\"https:\/\/images.ifun.de\/wp-content\/uploads\/2018\/08\/apple-airpower-ladematte-150x150.jpg\" class=\"alignright tfe wp-post-image\" alt=\"Apple Airpower Ladematte\" decoding=\"async\" loading=\"lazy\" \/><\/a><p>\u00dcbermorgen ist es so weit. Am Samstag liegt Apples vergangenes Herbst-Event und damit auch die Vorstellung der intelligenten Drahtlos-Ladematte &#8222;AirPower&#8220; genau 333 Tage hinter uns. Auf der B\u00fchne des September-Events vom Marketing-Chef Phil Schiller pr\u00e4sentiert, wurde die Ladematte mit einem Starttermin &#8222;im kommenden Jahr&#8220; vorgestellt. Zwar w\u00fcrde das Accessoire damit auch am 28. Dezember 2018 [&hellip;]<\/p>\n","protected":false},"author":1,"featured_media":125714,"comment_status":"open","ping_status":"closed","sticky":false,"template":"","format":"standard","meta":{"_acf_changed":false,"footnotes":""},"categories":[3],"tags":[4244,4736,31],"class_list":["post-125711","post","type-post","status-publish","format-standard","has-post-thumbnail","hentry","category-apple","tag-airpower","tag-apple","tag-video"],"acf":[],"aioseo_notices":[],"subheadline":["Schnapszahl-Jubil\u00e4um am Samstag"],"featured_image":["https:\/\/images.ifun.de\/wp-content\/uploads\/2018\/08\/apple-airpower-ladematte.jpg"],"rest_api_enabler":{"subheadline":"Schnapszahl-Jubil\u00e4um am Samstag","featured_image":"https:\/\/images.ifun.de\/wp-content\/uploads\/2018\/08\/apple-airpower-ladematte.jpg"},"_links":{"self":[{"href":"https:\/\/www.ifun.de\/apiv2\/wp\/v2\/posts\/125711","targetHints":{"allow":["GET"]}}],"collection":[{"href":"https:\/\/www.ifun.de\/apiv2\/wp\/v2\/posts"}],"about":[{"href":"https:\/\/www.ifun.de\/apiv2\/wp\/v2\/types\/post"}],"author":[{"embeddable":true,"href":"https:\/\/www.ifun.de\/apiv2\/wp\/v2\/users\/1"}],"replies":[{"embeddable":true,"href":"https:\/\/www.ifun.de\/apiv2\/wp\/v2\/comments?post=125711"}],"version-history":[{"count":6,"href":"https:\/\/www.ifun.de\/apiv2\/wp\/v2\/posts\/125711\/revisions"}],"predecessor-version":[{"id":125719,"href":"https:\/\/www.ifun.de\/apiv2\/wp\/v2\/posts\/125711\/revisions\/125719"}],"wp:featuredmedia":[{"embeddable":true,"href":"https:\/\/www.ifun.de\/apiv2\/wp\/v2\/media\/125714"}],"wp:attachment":[{"href":"https:\/\/www.ifun.de\/apiv2\/wp\/v2\/media?parent=125711"}],"wp:term":[{"taxonomy":"category","embeddable":true,"href":"https:\/\/www.ifun.de\/apiv2\/wp\/v2\/categories?post=125711"},{"taxonomy":"post_tag","embeddable":true,"href":"https:\/\/www.ifun.de\/apiv2\/wp\/v2\/tags?post=125711"}],"curies":[{"name":"wp","href":"https:\/\/api.w.org\/{rel}","templated":true}]}}