{"id":125269,"date":"2018-07-30T14:58:56","date_gmt":"2018-07-30T12:58:56","guid":{"rendered":"https:\/\/www.ifun.de\/?p=125269"},"modified":"2018-07-30T15:15:04","modified_gmt":"2018-07-30T13:15:04","slug":"videomitschnitt-apple-chef-tim-cook-spricht-auf-lgbtq-konzert","status":"publish","type":"post","link":"https:\/\/www.ifun.de\/videomitschnitt-apple-chef-tim-cook-spricht-auf-lgbtq-konzert-125269\/","title":{"rendered":"Videomitschnitt: Apple-Chef Tim Cook spricht auf LGBTQ-Konzert"},"content":{"rendered":"<p>Nicht nur in Berlin wurde das vergangene Wochenende vom CSD dominiert, auch andernorts feierte die LGBTQ-Community mit zahlreichen Pride-Veranstaltungen; unter anderem im Rahmen des <a href=\"https:\/\/loveloudfest.com\/\">LOVELOUD Festivals<\/a> in Utah. <\/p>\n<p><a href=\"https:\/\/images.ifun.de\/wp-content\/uploads\/2018\/07\/loveloud.jpg\"><img decoding=\"async\" src=\"https:\/\/images.ifun.de\/wp-content\/uploads\/2018\/07\/loveloud.jpg\" alt=\"Loveloud\" width=\"500\" class=\"aligncenter size-full wp-image-125270\" srcset=\"https:\/\/images.ifun.de\/wp-content\/uploads\/2018\/07\/loveloud.jpg 1000w, https:\/\/images.ifun.de\/wp-content\/uploads\/2018\/07\/loveloud-300x200.jpg 300w, https:\/\/images.ifun.de\/wp-content\/uploads\/2018\/07\/loveloud-768x511.jpg 768w\" sizes=\"(max-width: 1000px) 100vw, 1000px\" \/><\/a><\/p>\n<p>Dieses verdient sich ob eines \u00dcberraschungsauftritts des Apple-Chefs Tim Cook eine Erw\u00e4hnung. Cook betrat die B\u00fchne vor dem Haupt-Act des Abends und sprach mehrere Minuten frei, ehe er das Set der Indie-Band &#8222;Imagine Dragons&#8220; ank\u00fcndigte. <\/p>\n<p>Der Apple Chef appellierte an die anwesenden Besucher, sich selbst treu zu bleiben und nicht zu versuchen dem zu entsprechen, was von anderen als &#8222;Normal&#8220; klassifiziert werde. <\/p>\n<p>Tim Cook outete sich <a href=\"https:\/\/www.ifun.de\/tim-cook-ist-schwul-68576\/\">im Herbst 2014<\/a> selbst als schwul und hat sich seitdem <a href=\"https:\/\/www.iphone-ticker.de\/der-erste-tanz-apple-australien-feiert-ehe-fuer-alle-123121\/\">regelm\u00e4\u00dfig<\/a> f\u00fcr die Belange der LGBTQ-Community eingesetzt. Zuletzt stellte Apple ein <a href=\"https:\/\/www.iphone-ticker.de\/apple-watch-so-laesst-sich-das-geheime-pride-zifferblatt-aktivieren-126634\/\">geheimes Pride-Zifferblatt<\/a> f\u00fcr Nutzer der Apple Watch bereit.  <\/p>\n<p><div class=\"responsive-video\"><iframe loading=\"lazy\" width=\"700\" height=\"371\" src=\"https:\/\/www.youtube-nocookie.com\/embed\/KE1EKuFvca0\" frameborder=\"0\" allowfullscreen><\/iframe><\/div><\/p>\n","protected":false},"excerpt":{"rendered":"<a href=\"https:\/\/www.ifun.de\/videomitschnitt-apple-chef-tim-cook-spricht-auf-lgbtq-konzert-125269\/\"><img width=\"150\" height=\"150\" src=\"https:\/\/images.ifun.de\/wp-content\/uploads\/2018\/07\/loveloud-150x150.jpg\" class=\"alignright tfe wp-post-image\" alt=\"Loveloud\" decoding=\"async\" loading=\"lazy\" \/><\/a><p>Nicht nur in Berlin wurde das vergangene Wochenende vom CSD dominiert, auch andernorts feierte die LGBTQ-Community mit zahlreichen Pride-Veranstaltungen; unter anderem im Rahmen des LOVELOUD Festivals in Utah. Dieses verdient sich ob eines \u00dcberraschungsauftritts des Apple-Chefs Tim Cook eine Erw\u00e4hnung. Cook betrat die B\u00fchne vor dem Haupt-Act des Abends und sprach mehrere Minuten frei, ehe [&hellip;]<\/p>\n","protected":false},"author":1,"featured_media":125270,"comment_status":"open","ping_status":"closed","sticky":false,"template":"","format":"standard","meta":{"_acf_changed":false,"footnotes":""},"categories":[3],"tags":[4736,4229,614],"class_list":["post-125269","post","type-post","status-publish","format-standard","has-post-thumbnail","hentry","category-apple","tag-apple","tag-lgbtq","tag-tim-cook"],"acf":[],"aioseo_notices":[],"featured_image":["https:\/\/images.ifun.de\/wp-content\/uploads\/2016\/06\/sf-pride-header.jpg"],"subheadline":["\"a proud gay american\""],"rest_api_enabler":{"featured_image":"https:\/\/images.ifun.de\/wp-content\/uploads\/2016\/06\/sf-pride-header.jpg","subheadline":"\"a proud gay american\""},"_links":{"self":[{"href":"https:\/\/www.ifun.de\/apiv2\/wp\/v2\/posts\/125269","targetHints":{"allow":["GET"]}}],"collection":[{"href":"https:\/\/www.ifun.de\/apiv2\/wp\/v2\/posts"}],"about":[{"href":"https:\/\/www.ifun.de\/apiv2\/wp\/v2\/types\/post"}],"author":[{"embeddable":true,"href":"https:\/\/www.ifun.de\/apiv2\/wp\/v2\/users\/1"}],"replies":[{"embeddable":true,"href":"https:\/\/www.ifun.de\/apiv2\/wp\/v2\/comments?post=125269"}],"version-history":[{"count":2,"href":"https:\/\/www.ifun.de\/apiv2\/wp\/v2\/posts\/125269\/revisions"}],"predecessor-version":[{"id":125272,"href":"https:\/\/www.ifun.de\/apiv2\/wp\/v2\/posts\/125269\/revisions\/125272"}],"wp:featuredmedia":[{"embeddable":true,"href":"https:\/\/www.ifun.de\/apiv2\/wp\/v2\/media\/125270"}],"wp:attachment":[{"href":"https:\/\/www.ifun.de\/apiv2\/wp\/v2\/media?parent=125269"}],"wp:term":[{"taxonomy":"category","embeddable":true,"href":"https:\/\/www.ifun.de\/apiv2\/wp\/v2\/categories?post=125269"},{"taxonomy":"post_tag","embeddable":true,"href":"https:\/\/www.ifun.de\/apiv2\/wp\/v2\/tags?post=125269"}],"curies":[{"name":"wp","href":"https:\/\/api.w.org\/{rel}","templated":true}]}}