{"id":125243,"date":"2018-07-30T10:36:00","date_gmt":"2018-07-30T08:36:00","guid":{"rendered":"https:\/\/www.ifun.de\/?p=125243"},"modified":"2018-07-30T10:36:00","modified_gmt":"2018-07-30T08:36:00","slug":"ipad-pro-soll-kuenftig-ohne-ohrhoereranschluss-kommen","status":"publish","type":"post","link":"https:\/\/www.ifun.de\/ipad-pro-soll-kuenftig-ohne-ohrhoereranschluss-kommen-125243\/","title":{"rendered":"iPad Pro soll k\u00fcnftig ohne Ohrh\u00f6reranschluss kommen"},"content":{"rendered":"<p>Wenn die Voraussagen der japanischen Webseite <a href=\"http:\/\/www.macotakara.jp\/blog\/rumor\/entry-35399.html\">MacOtakara<\/a> stimmen, wird Apple k\u00fcnftig auch beim iPad auf den Ohrh\u00f6reranschluss verzichten. Die noch in diesem Jahr erwarteten neuen Pro-Modelle sollen die ersten Apple-Tablets ohne Miniklinke-Buchse sein.<\/p>\n<p><a href=\"https:\/\/images.ifun.de\/wp-content\/uploads\/2018\/07\/ipad-pro-ohne-ohrhoereranschluss.jpg\"><img loading=\"lazy\" decoding=\"async\" src=\"https:\/\/images.ifun.de\/wp-content\/uploads\/2018\/07\/ipad-pro-ohne-ohrhoereranschluss.jpg\" alt=\"Ipad Pro Ohne Ohrhoereranschluss\" width=\"500\" height=\"365\" class=\"alignnone size-full wp-image-125245\" srcset=\"https:\/\/images.ifun.de\/wp-content\/uploads\/2018\/07\/ipad-pro-ohne-ohrhoereranschluss.jpg 500w, https:\/\/images.ifun.de\/wp-content\/uploads\/2018\/07\/ipad-pro-ohne-ohrhoereranschluss-300x219.jpg 300w\" sizes=\"auto, (max-width: 500px) 100vw, 500px\" \/><\/a><\/p>\n<h6>Bilder: <a href=\"https:\/\/www.behance.net\/gallery\/67257057\/New-iPad-Pro-Concept-by-Alvaro-Pabesio\">Alvaro Pabesio<\/a><\/h6>\n<p>Nat\u00fcrlich ist absehbar, dass dem iPhone auf diesem Weg auf kurz oder lang auch andere Apple-Ger\u00e4te folgen. Mit der \u00c4nderung schafft Apple auch die Basis daf\u00fcr, die Ger\u00e4te mit noch kompakteren, insbesondere d\u00fcnneren Au\u00dfenh\u00fcllen zu bauen. So nennt das japanische Blog (<a href=\"https:\/\/translate.google.com\/translate?sl=auto&amp;tl=de&amp;js=y&amp;prev=_t&amp;hl=de&amp;ie=UTF-8&amp;u=http%3A%2F%2Fwww.macotakara.jp%2Fblog%2Frumor%2Fentry-35399.html&amp;edit-text=\">Google \u00dcbersetzer<\/a>) Abmessungen von 247,5 mm x 178,7 mm x 6 mm f\u00fcr das Modell mit 10,5 Zoll Bildschirmgr\u00f6\u00dfe (aktuell 250,6 x 174,1 x 6,1) und 280 mm x 215 mm x 6,4 mm Bildschirmgr\u00f6\u00dfe f\u00fcr das gro\u00dfe 12,9-Zoll-Modell (aktuell 305,7 x 220,6 x 6,9).<\/p>\n<p>Trotz der \u00c4nderung werde Apple den neuen iPads keine Lightning-Ohrh\u00f6rer beilegen. Apple hat im Gegensatz zum iPhone beim iPad bisher generell darauf verzichtet, einem neuen Ger\u00e4t Ohrh\u00f6rer beizulegen. Wenn entsprechender Bedarf besteht, m\u00fcssen sich iPad-Besitzer k\u00fcnftig auf eigene Faust Lightning- oder Bluetooth-Ohrh\u00f6rer besorgen.<\/p>\n<p>Bemerkenswert ist auch der Hinweis, dass der Smart Connector erhalten bleibt, jedoch dessen Position zuk\u00fcnftig im Bereich des Lightning-Anschlusses liegt. Dies verwundert insbesondere mit Blick auf das bislang f\u00fcr diesen Anschluss verf\u00fcgbare Zubeh\u00f6r, in erster Linie n\u00e4mlich Tastaturen und St\u00e4nder, die eigentlich f\u00fcr die Verwendung des Tablets im Querformat ausgelegt sind.<\/p>\n<p>Eine Best\u00e4tigung dieser Voraussagen liegt selbstverst\u00e4ndlich nicht vor. Die Webseite beruft sich auf Informationen von asiatischen Produktionspartnern Apples, dergleichen hat sich in der Vergangenheit oft, aber nicht immer als treffend erwiesen.<\/p>\n","protected":false},"excerpt":{"rendered":"<a href=\"https:\/\/www.ifun.de\/ipad-pro-soll-kuenftig-ohne-ohrhoereranschluss-kommen-125243\/\"><img width=\"150\" height=\"150\" src=\"https:\/\/images.ifun.de\/wp-content\/uploads\/2018\/07\/ipad-pro-ohne-ohrhoereranschluss-150x150.jpg\" class=\"alignright tfe wp-post-image\" alt=\"Ipad Pro Ohne Ohrhoereranschluss\" decoding=\"async\" loading=\"lazy\" \/><\/a><p>Wenn die Voraussagen der japanischen Webseite MacOtakara stimmen, wird Apple k\u00fcnftig auch beim iPad auf den Ohrh\u00f6reranschluss verzichten. Die noch in diesem Jahr erwarteten neuen Pro-Modelle sollen die ersten Apple-Tablets ohne Miniklinke-Buchse sein. Bilder: Alvaro Pabesio Nat\u00fcrlich ist absehbar, dass dem iPhone auf diesem Weg auf kurz oder lang auch andere Apple-Ger\u00e4te folgen. Mit der [&hellip;]<\/p>\n","protected":false},"author":2,"featured_media":125245,"comment_status":"open","ping_status":"closed","sticky":false,"template":"","format":"standard","meta":{"_acf_changed":false,"footnotes":""},"categories":[10],"tags":[2486,3059],"class_list":["post-125243","post","type-post","status-publish","format-standard","has-post-thumbnail","hentry","category-ipad","tag-ipad-pro","tag-ohrhoerer"],"acf":[],"aioseo_notices":[],"subheadline":["Bereits die 2018er-Modelle"],"featured_image":["https:\/\/images.iphone-ticker.de\/wp-content\/uploads\/2018\/06\/ipad-pro-konzept.jpg"],"rest_api_enabler":{"subheadline":"Bereits die 2018er-Modelle","featured_image":"https:\/\/images.iphone-ticker.de\/wp-content\/uploads\/2018\/06\/ipad-pro-konzept.jpg"},"_links":{"self":[{"href":"https:\/\/www.ifun.de\/apiv2\/wp\/v2\/posts\/125243","targetHints":{"allow":["GET"]}}],"collection":[{"href":"https:\/\/www.ifun.de\/apiv2\/wp\/v2\/posts"}],"about":[{"href":"https:\/\/www.ifun.de\/apiv2\/wp\/v2\/types\/post"}],"author":[{"embeddable":true,"href":"https:\/\/www.ifun.de\/apiv2\/wp\/v2\/users\/2"}],"replies":[{"embeddable":true,"href":"https:\/\/www.ifun.de\/apiv2\/wp\/v2\/comments?post=125243"}],"version-history":[{"count":3,"href":"https:\/\/www.ifun.de\/apiv2\/wp\/v2\/posts\/125243\/revisions"}],"predecessor-version":[{"id":125247,"href":"https:\/\/www.ifun.de\/apiv2\/wp\/v2\/posts\/125243\/revisions\/125247"}],"wp:featuredmedia":[{"embeddable":true,"href":"https:\/\/www.ifun.de\/apiv2\/wp\/v2\/media\/125245"}],"wp:attachment":[{"href":"https:\/\/www.ifun.de\/apiv2\/wp\/v2\/media?parent=125243"}],"wp:term":[{"taxonomy":"category","embeddable":true,"href":"https:\/\/www.ifun.de\/apiv2\/wp\/v2\/categories?post=125243"},{"taxonomy":"post_tag","embeddable":true,"href":"https:\/\/www.ifun.de\/apiv2\/wp\/v2\/tags?post=125243"}],"curies":[{"name":"wp","href":"https:\/\/api.w.org\/{rel}","templated":true}]}}