{"id":125127,"date":"2018-07-26T11:45:18","date_gmt":"2018-07-26T09:45:18","guid":{"rendered":"https:\/\/www.ifun.de\/?p=125127"},"modified":"2018-07-26T11:45:18","modified_gmt":"2018-07-26T09:45:18","slug":"t2-prozessor-sorgt-fuer-kernel-panic-beim-macbook-pro-2018","status":"publish","type":"post","link":"https:\/\/www.ifun.de\/t2-prozessor-sorgt-fuer-kernel-panic-beim-macbook-pro-2018-125127\/","title":{"rendered":"T2-Prozessor sorgt f\u00fcr Kernel Panic beim MacBook Pro 2018"},"content":{"rendered":"<p>Apples neue Pro-Notebooks segeln auf rauher See. Kaum sind die Wogen um Tastaturprobleme und gedrosselte Prozessoren ein wenig gegl\u00e4ttet, zieht der n\u00e4chste Sturm auf. K\u00e4ufer der Ger\u00e4te <a href=\"https:\/\/twitter.com\/Raddock\/status\/1021814842695602176\">klagen<\/a> vermehrt \u00fcber Abst\u00fcrze, die offenbar auf den integrierten T2-Prozessor zur\u00fcckzuf\u00fchren sind.<\/p>\n<p>Mit dem T2-Chip will Apple eigentlich f\u00fcr mehr Stabilit\u00e4t und Sicherheit sorgen. Der Prozessor \u00fcbernimmt die Arbeit von zuvor separat verbauen Komponenten wie System&nbsp;Management&nbsp;Controller, Bildsignalprozessor, Audio-Controller und SSD-Controller. Ein integrierter Secure-Enclave-Koprozessor bietet erweiterte Sicherheitsfunktionen wie Speicherverschl\u00fcsselung und das \u201e<a href=\"https:\/\/www.ifun.de\/imac-pro-startup-security-utility-verhindert-manipulation-beim-systemstart-116722\/\">sichere Starten<\/a>\u201c.<\/p>\n<p>Um diesen Funktionsumfang bereitzustellen, stattet Apple den T2-Prozessor mit einem eigenen Betriebssystem namens \u201eBridge OS\u201c aus. Das neue MacBook Pro ist nach dem iMac Pro der zweite mit dieser Komponente ausgestattete Apple-Rechner. Onlineberichten zufolge sehen sich Besitzer der neuen Notebooks in der Folge mit \u00e4hnlichen Systemabst\u00fcrzen konfrontiert, wie man sie bereits vom iMac Pro kennt.<\/p>\n<p><a href=\"https:\/\/images.ifun.de\/wp-content\/uploads\/2018\/07\/macbook-pro-2018-2.jpg\"><img loading=\"lazy\" decoding=\"async\" src=\"https:\/\/images.ifun.de\/wp-content\/uploads\/2018\/07\/macbook-pro-2018-2.jpg\" alt=\"Macbook Pro 2018\" width=\"700\" height=\"349\" class=\"alignnone size-full wp-image-125136\" srcset=\"https:\/\/images.ifun.de\/wp-content\/uploads\/2018\/07\/macbook-pro-2018-2.jpg 700w, https:\/\/images.ifun.de\/wp-content\/uploads\/2018\/07\/macbook-pro-2018-2-300x150.jpg 300w\" sizes=\"auto, (max-width: 700px) 100vw, 700px\" \/><\/a><\/p>\n<p>Die Abst\u00fcrze treten offenbar geh\u00e4uft dann auf, wenn der Rechner im Ruhezustand ist, oder aus diesem aufgeweckt werden soll. Der im Zusammenhang mit einer dann eintretenden \u201e<a href=\"https:\/\/support.apple.com\/de-de\/HT200553\">Kernel Panic<\/a>\u201c ausgegebene Fehlerbericht weist meist auf ein Problem im Zusammenhang mit Bridge OS hin.<\/p>\n<p>Apple scheint sich der Angelegenheit jedoch bewusst und es hat auch den Anschein, als werde aktiv an der Fehlerbehebung gearbeitet. So berichten betroffene Nutzer, dass die H\u00e4ufigkeit der Abst\u00fcrze nach dem letzten macOS-Update deutlich abgenommen habe. Vom Tisch ist das Thema allerdings l\u00e4ngst nicht, dies beweist auch die Tatsache, dass die Probleme ja schon seit Monaten im Zusammenhang mit dem iMac Pro auftreten und bis heute nicht vollst\u00e4ndig beseitigt wurden. Apple hat betroffenen Nutzern offenbar sogar mehrfach Austauschger\u00e4te zukommen lassen &#8211; ohne Erfolg.<img loading=\"lazy\" decoding=\"async\" src=\"http:\/\/vg06.met.vgwort.de\/na\/2c506fdd890c43479bb29032d622738d\" width=\"1\" height=\"1\" class=\"tracking\"><\/p>\n<ul>\n<li><a href=\"https:\/\/discussions.apple.com\/message\/33666937?ac_cid=tw123456#33666937\">Diskussion zum Thema in Apples Online-Foren<\/a><\/li>\n<\/ul>\n","protected":false},"excerpt":{"rendered":"<a href=\"https:\/\/www.ifun.de\/t2-prozessor-sorgt-fuer-kernel-panic-beim-macbook-pro-2018-125127\/\"><img width=\"150\" height=\"150\" src=\"https:\/\/images.ifun.de\/wp-content\/uploads\/2018\/07\/macbook-pro-2018-2-150x150.jpg\" class=\"alignright tfe wp-post-image\" alt=\"Macbook Pro 2018\" decoding=\"async\" loading=\"lazy\" \/><\/a><p>Apples neue Pro-Notebooks segeln auf rauher See. Kaum sind die Wogen um Tastaturprobleme und gedrosselte Prozessoren ein wenig gegl\u00e4ttet, zieht der n\u00e4chste Sturm auf. K\u00e4ufer der Ger\u00e4te klagen vermehrt \u00fcber Abst\u00fcrze, die offenbar auf den integrierten T2-Prozessor zur\u00fcckzuf\u00fchren sind. Mit dem T2-Chip will Apple eigentlich f\u00fcr mehr Stabilit\u00e4t und Sicherheit sorgen. Der Prozessor \u00fcbernimmt die [&hellip;]<\/p>\n","protected":false},"author":2,"featured_media":125136,"comment_status":"open","ping_status":"closed","sticky":false,"template":"","format":"standard","meta":{"_acf_changed":false,"footnotes":""},"categories":[16],"tags":[4223,224],"class_list":["post-125127","post","type-post","status-publish","format-standard","has-post-thumbnail","hentry","category-mac","tag-bridge-os","tag-macbook-pro"],"acf":[],"aioseo_notices":[],"featured_image":["https:\/\/images.ifun.de\/wp-content\/uploads\/2018\/07\/apple-t2-chip-macbook-pro-2018.jpg"],"subheadline":["\"Bridge OS\" offenbar fehlerhaft"],"rest_api_enabler":{"featured_image":"https:\/\/images.ifun.de\/wp-content\/uploads\/2018\/07\/apple-t2-chip-macbook-pro-2018.jpg","subheadline":"\"Bridge OS\" offenbar fehlerhaft"},"_links":{"self":[{"href":"https:\/\/www.ifun.de\/apiv2\/wp\/v2\/posts\/125127","targetHints":{"allow":["GET"]}}],"collection":[{"href":"https:\/\/www.ifun.de\/apiv2\/wp\/v2\/posts"}],"about":[{"href":"https:\/\/www.ifun.de\/apiv2\/wp\/v2\/types\/post"}],"author":[{"embeddable":true,"href":"https:\/\/www.ifun.de\/apiv2\/wp\/v2\/users\/2"}],"replies":[{"embeddable":true,"href":"https:\/\/www.ifun.de\/apiv2\/wp\/v2\/comments?post=125127"}],"version-history":[{"count":9,"href":"https:\/\/www.ifun.de\/apiv2\/wp\/v2\/posts\/125127\/revisions"}],"predecessor-version":[{"id":125139,"href":"https:\/\/www.ifun.de\/apiv2\/wp\/v2\/posts\/125127\/revisions\/125139"}],"wp:featuredmedia":[{"embeddable":true,"href":"https:\/\/www.ifun.de\/apiv2\/wp\/v2\/media\/125136"}],"wp:attachment":[{"href":"https:\/\/www.ifun.de\/apiv2\/wp\/v2\/media?parent=125127"}],"wp:term":[{"taxonomy":"category","embeddable":true,"href":"https:\/\/www.ifun.de\/apiv2\/wp\/v2\/categories?post=125127"},{"taxonomy":"post_tag","embeddable":true,"href":"https:\/\/www.ifun.de\/apiv2\/wp\/v2\/tags?post=125127"}],"curies":[{"name":"wp","href":"https:\/\/api.w.org\/{rel}","templated":true}]}}